{"id":196853,"date":"2020-11-27T10:42:53","date_gmt":"2020-11-27T13:42:53","guid":{"rendered":"https:\/\/www.caririemacao.com\/1\/?p=196853"},"modified":"2020-11-27T10:42:53","modified_gmt":"2020-11-27T13:42:53","slug":"bolsonaro-comemora-resultado-do-caged-em-outubro-e-diz-que-paulo-guedes-e-insubstituivel","status":"publish","type":"post","link":"https:\/\/www.caririemacao.com\/1\/2020\/11\/27\/bolsonaro-comemora-resultado-do-caged-em-outubro-e-diz-que-paulo-guedes-e-insubstituivel\/","title":{"rendered":"Bolsonaro comemora resultado do Caged em outubro e diz que Paulo Guedes \u00e9 &#8216;insubstitu\u00edvel&#8217;"},"content":{"rendered":"\n<p class=\"wp-block-paragraph\">O presidente Jair Bolsonaro comemorou nesta quinta-feira (26) dados do Cadastro Geral de Empregados e Desempregados (Caged) de outubro divulgados pelo Minist\u00e9rio da Economia. Em cerim\u00f4nia no Pal\u00e1cio do Planalto, o presidente tamb\u00e9m afirmou que o ministro Paulo Guedes \u00e9 &#8220;insubstitu\u00edvel&#8221;.<\/p>\n\n\n\n<p class=\"wp-block-paragraph\">\u201cDesde julho, julho, agosto, setembro, tivemos super\u00e1vit, saldo positivo no Caged. Tivemos mais emprego do que desemprego. E agora, levando-se em conta outubro, que \u00e9 o antepen\u00faltimo m\u00eas para findar o ano, o Caged nos deu um super\u00e1vit de 400 mil novos empregos de carteira assinada\u201d, disse o presidente.<\/p>\n\n\n\n<p class=\"wp-block-paragraph\">Segundo o Caged divulgado nesta quinta, a economia brasileira gerou 394.989 empregos com carteira assinada em outubro. \u00c9 o maior n\u00famero para um m\u00eas de outubro na s\u00e9rie hist\u00f3rica iniciada em 1992, segundo o Minist\u00e9rio da Economia.<\/p>\n\n\n\n<p class=\"wp-block-paragraph\">&#8220;Pode ficar tranquilo, [presidente da Caixa] Pedro Guimar\u00e3es, que nosso &#8216;Posto Ipiranga&#8217; \u00e9 insubstitu\u00edvel. N\u00e3o falarei de economia&#8221;, afirmou Bolsonaro na cerim\u00f4nia.<\/p>\n\n\n\n<p class=\"wp-block-paragraph\">O apelido &#8220;Posto Ipiranga&#8221; foi dado por Bolsonaro a Guedes ainda na campanha, quando o ent\u00e3o candidato \u00e0 presid\u00eancia dizia n\u00e3o entender nada de economia.<\/p>\n\n\n\n<p class=\"wp-block-paragraph\"><strong>Dados do Caged<\/strong><\/p>\n\n\n\n<p class=\"wp-block-paragraph\">O saldo de 394 mil vagas representa a diferen\u00e7a entre as contrata\u00e7\u00f5es e as demiss\u00f5es. Em outubro, o pa\u00eds registrou:<\/p>\n\n\n\n<ul class=\"wp-block-list\"><li>1.548.628 contrata\u00e7\u00f5es<\/li><li>1.153.639 demiss\u00f5es<\/li><\/ul>\n\n\n\n<p class=\"wp-block-paragraph\">Foi o quarto m\u00eas seguido em que as contrata\u00e7\u00f5es com carteira assinada superaram as demiss\u00f5es.<\/p>\n\n\n\n<p class=\"wp-block-paragraph\">&#8220;Foi a maior n\u00famero de gera\u00e7\u00e3o de empregos da s\u00e9rie hist\u00f3rica do Caged, desde 1992&#8221;, disse o ministro da Economia, Paulo Guedes, em declara\u00e7\u00e3o ap\u00f3s o an\u00fancio do resultado. Ele classificou a not\u00edcia como &#8220;extraordin\u00e1ria&#8221;.<\/p>\n\n\n\n<p class=\"wp-block-paragraph\">Parcial de 2020<\/p>\n\n\n\n<p class=\"wp-block-paragraph\">Para o Brasil encerrar 2020 com mais contratos formais de trabalho do que em 2019, ser\u00e1 preciso lidar com um saldo negativo de 171.139 carteiras no acumulado at\u00e9 outubro.<\/p>\n\n\n\n<p class=\"wp-block-paragraph\">Nos primeiros dez meses de 2019, sem pandemia, o Brasil registrou alta no emprego, com um saldo positivo acumulado de 841.589 vagas ocupadas.<\/p>\n\n\n\n<p class=\"wp-block-paragraph\">O resultado acumulado entre janeiro e outubro de 2020 foi o pior para o per\u00edodo desde 2016, quando o pa\u00eds fechou 751.816 postos de trabalho com carteira assinada, entre contrata\u00e7\u00f5es e demiss\u00f5es.<\/p>\n\n\n\n<p class=\"wp-block-paragraph\">As demiss\u00f5es no acumulado do ano refletem o impacto da recess\u00e3o na economia brasileira gerada pela pandemia do novo coronav\u00edrus.<\/p>\n\n\n\n<p class=\"wp-block-paragraph\">A estimativa mais recente dos economistas dos bancos \u00e9 de que o Produto Interno Bruto (PIB) brasileiro vai cair 4,5% neste ano. Entretanto, nos \u00faltimos meses, dados j\u00e1 apontam para uma recupera\u00e7\u00e3o do n\u00edvel de atividade e para a sa\u00edda da recess\u00e3o.<\/p>\n\n\n\n<p class=\"wp-block-paragraph\">Segundo o Minist\u00e9rio da Economia, mesmo com o crescimento dos empregos formais nos \u00faltimos tr\u00eas meses, ainda n\u00e3o houve recupera\u00e7\u00e3o das perdas registradas entre mar\u00e7o e maio deste ano. No per\u00edodo, o Brasil registrou 1,594 milh\u00e3o de demiss\u00f5es a mais do que contrata\u00e7\u00f5es.<\/p>\n\n\n\n<p class=\"wp-block-paragraph\">De julho a outubro, o Brasil registrou 1,092 milh\u00e3o de novas vagas com carteira assinada.<\/p>\n\n\n\n<p class=\"wp-block-paragraph\">ClickPB<\/p>\n","protected":false},"excerpt":{"rendered":"<p>O presidente Jair Bolsonaro comemorou nesta quinta-feira (26) dados do Cadastro Geral de Empregados e Desempregados (Caged) de outubro divulgados pelo Minist\u00e9rio da Economia. Em cerim\u00f4nia no Pal\u00e1cio do Planalto, o presidente tamb\u00e9m afirmou que o ministro Paulo Guedes \u00e9 &#8220;insubstitu\u00edvel&#8221;. \u201cDesde julho, julho, agosto, setembro, tivemos super\u00e1vit, saldo positivo no Caged. Tivemos mais emprego do que desemprego. E agora, levando-se em conta outubro, que \u00e9 o antepen\u00faltimo m\u00eas para findar o ano, o Caged nos deu um super\u00e1vit de 400 mil novos empregos de carteira assinada\u201d, disse o presidente. Segundo o Caged divulgado nesta quinta, a economia brasileira gerou 394.989 empregos com carteira assinada em outubro. \u00c9 o maior n\u00famero para um m\u00eas de outubro na s\u00e9rie hist\u00f3rica iniciada em 1992, segundo o Minist\u00e9rio da Economia. &#8220;Pode ficar tranquilo, [presidente da Caixa] Pedro Guimar\u00e3es, que nosso &#8216;Posto Ipiranga&#8217; \u00e9 insubstitu\u00edvel. N\u00e3o falarei de economia&#8221;, afirmou Bolsonaro na cerim\u00f4nia. O apelido &#8220;Posto Ipiranga&#8221; foi dado por Bolsonaro a Guedes ainda na campanha, quando o ent\u00e3o candidato \u00e0 presid\u00eancia dizia n\u00e3o entender nada de economia. Dados do Caged O saldo de 394 mil vagas representa a diferen\u00e7a entre as contrata\u00e7\u00f5es e as demiss\u00f5es. Em outubro, o pa\u00eds registrou: 1.548.628 contrata\u00e7\u00f5es 1.153.639 demiss\u00f5es Foi o quarto m\u00eas seguido em que as contrata\u00e7\u00f5es com carteira assinada superaram as demiss\u00f5es. &#8220;Foi a maior n\u00famero de gera\u00e7\u00e3o de empregos da s\u00e9rie hist\u00f3rica do Caged, desde 1992&#8221;, disse o ministro da Economia, Paulo Guedes, em declara\u00e7\u00e3o ap\u00f3s o an\u00fancio do resultado. Ele classificou a not\u00edcia como &#8220;extraordin\u00e1ria&#8221;. Parcial de 2020 Para o Brasil encerrar 2020 com mais contratos formais de trabalho do que em 2019, ser\u00e1 preciso lidar com um saldo negativo de 171.139 carteiras no acumulado at\u00e9 outubro. Nos primeiros dez meses de 2019, sem pandemia, o Brasil registrou alta no emprego, com um saldo positivo acumulado de 841.589 vagas ocupadas. O resultado acumulado entre janeiro e outubro de 2020 foi o pior para o per\u00edodo desde 2016, quando o pa\u00eds fechou 751.816 postos de trabalho com carteira assinada, entre contrata\u00e7\u00f5es e demiss\u00f5es. As demiss\u00f5es no acumulado do ano refletem o impacto da recess\u00e3o na economia brasileira gerada pela pandemia do novo coronav\u00edrus. A estimativa mais recente dos economistas dos bancos \u00e9 de que o Produto Interno Bruto (PIB) brasileiro vai cair 4,5% neste ano. Entretanto, nos \u00faltimos meses, dados j\u00e1 apontam para uma recupera\u00e7\u00e3o do n\u00edvel de atividade e para a sa\u00edda da recess\u00e3o. Segundo o Minist\u00e9rio da Economia, mesmo com o crescimento dos empregos formais nos \u00faltimos tr\u00eas meses, ainda n\u00e3o houve recupera\u00e7\u00e3o das perdas registradas entre mar\u00e7o e maio deste ano. No per\u00edodo, o Brasil registrou 1,594 milh\u00e3o de demiss\u00f5es a mais do que contrata\u00e7\u00f5es. De julho a outubro, o Brasil registrou 1,092 milh\u00e3o de novas vagas com carteira assinada. ClickPB<\/p>\n","protected":false},"author":6,"featured_media":196854,"comment_status":"closed","ping_status":"closed","sticky":false,"template":"","format":"standard","meta":{"sfsi_plus_gutenberg_text_before_share":"","sfsi_plus_gutenberg_show_text_before_share":"","sfsi_plus_gutenberg_icon_type":"","sfsi_plus_gutenberg_icon_alignemt":"","sfsi_plus_gutenburg_max_per_row":"","footnotes":""},"categories":[50,107,98],"tags":[],"class_list":["post-196853","post","type-post","status-publish","format-standard","has-post-thumbnail","hentry","category-destaque","category-economia","category-presidente"],"_links":{"self":[{"href":"https:\/\/www.caririemacao.com\/1\/wp-json\/wp\/v2\/posts\/196853","targetHints":{"allow":["GET"]}}],"collection":[{"href":"https:\/\/www.caririemacao.com\/1\/wp-json\/wp\/v2\/posts"}],"about":[{"href":"https:\/\/www.caririemacao.com\/1\/wp-json\/wp\/v2\/types\/post"}],"author":[{"embeddable":true,"href":"https:\/\/www.caririemacao.com\/1\/wp-json\/wp\/v2\/users\/6"}],"replies":[{"embeddable":true,"href":"https:\/\/www.caririemacao.com\/1\/wp-json\/wp\/v2\/comments?post=196853"}],"version-history":[{"count":1,"href":"https:\/\/www.caririemacao.com\/1\/wp-json\/wp\/v2\/posts\/196853\/revisions"}],"predecessor-version":[{"id":196855,"href":"https:\/\/www.caririemacao.com\/1\/wp-json\/wp\/v2\/posts\/196853\/revisions\/196855"}],"wp:featuredmedia":[{"embeddable":true,"href":"https:\/\/www.caririemacao.com\/1\/wp-json\/wp\/v2\/media\/196854"}],"wp:attachment":[{"href":"https:\/\/www.caririemacao.com\/1\/wp-json\/wp\/v2\/media?parent=196853"}],"wp:term":[{"taxonomy":"category","embeddable":true,"href":"https:\/\/www.caririemacao.com\/1\/wp-json\/wp\/v2\/categories?post=196853"},{"taxonomy":"post_tag","embeddable":true,"href":"https:\/\/www.caririemacao.com\/1\/wp-json\/wp\/v2\/tags?post=196853"}],"curies":[{"name":"wp","href":"https:\/\/api.w.org\/{rel}","templated":true}]}}