{"id":196967,"date":"2020-11-28T07:13:48","date_gmt":"2020-11-28T10:13:48","guid":{"rendered":"https:\/\/www.caririemacao.com\/1\/?p=196967"},"modified":"2020-11-28T07:13:48","modified_gmt":"2020-11-28T10:13:48","slug":"moraes-prorroga-por-60-dias-inquerito-que-investiga-bolsonaro-sobre-interferencia-no-comando-da-policia-federal","status":"publish","type":"post","link":"https:\/\/www.caririemacao.com\/1\/2020\/11\/28\/moraes-prorroga-por-60-dias-inquerito-que-investiga-bolsonaro-sobre-interferencia-no-comando-da-policia-federal\/","title":{"rendered":"Moraes prorroga por 60 dias inqu\u00e9rito que investiga Bolsonaro sobre interfer\u00eancia no comando da Pol\u00edcia Federal"},"content":{"rendered":"\n<p class=\"wp-block-paragraph\">BRAS\u00cdLIA, DF (FOLHAPRESS) \u2014 O ministro Alexandre de Moraes, do STF (Supremo Tribunal Federal), prorrogou por 60 dias o inqu\u00e9rito que apura se houve interfer\u00eancia do presidente Jair Bolsonaro (sem partido) no comando da Pol\u00edcia Federal.<\/p>\n\n\n\n<p class=\"wp-block-paragraph\">A decis\u00e3o, tomada nesta sexta-feira (27), ocorre um dias ap\u00f3s Bolsonaro pedir ao ministro que os autos fossem enviados \u00e0 PF para elabora\u00e7\u00e3o de relat\u00f3rio final.<\/p>\n\n\n\n<p class=\"wp-block-paragraph\">Moraes, no entanto, entendeu que h\u00e1 dilig\u00eancias ainda a serem cumpridas no caso. No m\u00eas passado, ele consultou a pol\u00edcia sobre o est\u00e1gio das investiga\u00e7\u00f5es.<\/p>\n\n\n\n<p class=\"wp-block-paragraph\">No mesmo despacho, o ministro pediu ao procurador-geral da Rep\u00fablica, Augusto Aras, que se manifeste sobre a necessidade do depoimento do presidente.<\/p>\n\n\n\n<p class=\"wp-block-paragraph\">Bolsonaro comunicou nesta quinta-feira (26) ao STF, em of\u00edcio assinado pelo advogado-geral da Uni\u00e3o, Jos\u00e9 Levi do Amaral J\u00fanior, que n\u00e3o vai depor no inqu\u00e9rito.<\/p>\n\n\n\n<p class=\"wp-block-paragraph\">A palavra final sobre a realiza\u00e7\u00e3o da oitiva, no entanto, cabe a Moraes. Na condi\u00e7\u00e3o de investigado, o presidente pode faltar ao compromisso caso o ministro determine que a PF marque o depoimento.<\/p>\n\n\n\n<p class=\"wp-block-paragraph\">O inqu\u00e9rito foi aberto no STF em abril, a pedido de Aras, para apurar as acusa\u00e7\u00f5es do ex-ministro da Justi\u00e7a Sergio Moro de que o presidente da Rep\u00fablica tentou interferir na autonomia da PF para proteger familiares e aliados.<\/p>\n\n\n\n<p class=\"wp-block-paragraph\">Moraes assumiu a relatoria do caso ap\u00f3s a aposentadoria do ministro Celso de Mello no m\u00eas de setembro. Em um dos \u00faltimos atos no tribunal, Celso determinou que Bolsonaro prestasse depoimento presencial e autorizou a defesa de Moro a acompanhar o interrogat\u00f3rio.<\/p>\n\n\n\n<p class=\"wp-block-paragraph\">O depoimento de Bolsonaro, segundo os investigadores encarregados do caso, \u00e9 apontado como uma das provid\u00eancias finais da apura\u00e7\u00e3o.<\/p>\n\n\n\n<p class=\"wp-block-paragraph\">O presidente afirmou ainda ao STF que a divulga\u00e7\u00e3o do v\u00eddeo da reuni\u00e3o ministerial do dia 22 de abril &#8220;demonstrou completamente infundadas quaisquer das ila\u00e7\u00f5es que deram ensejo ao presente inqu\u00e9rito&#8221;.<\/p>\n\n\n\n<p class=\"wp-block-paragraph\">Anexada ao inqu\u00e9rito, a grava\u00e7\u00e3o foi apontada por Moro como uma das provas de que Bolsonaro tentou interferir na pol\u00edcia.<\/p>\n\n\n\n<p class=\"wp-block-paragraph\">T\u00e3o logo assumiu a relatoria do caso, no final do m\u00eas passado, Moraes pediu \u00e0 PF informa\u00e7\u00f5es sobre as dilig\u00eancias em andamento.<\/p>\n\n\n\n<p class=\"wp-block-paragraph\">Bolsonaro j\u00e1 fez cr\u00edticas p\u00fablicas a Moraes quando o ministro anulou, em decis\u00e3o individual, a posse de Alexandre Ramagem para o comando da PF ap\u00f3s a sa\u00edda de Moro do governo e de seu indicado, Maur\u00edcio Valeixo, da chefia da corpora\u00e7\u00e3o.<\/p>\n\n\n\n<p class=\"wp-block-paragraph\">Moraes tamb\u00e9m \u00e9 relator de outros dois inqu\u00e9ritos sens\u00edveis ao bolsonarismo. Um diz respeito \u00e0 apura\u00e7\u00e3o de atos antidemocr\u00e1ticos realizados por aliados do presidente, e outro investiga a exist\u00eancia de uma rede de dissemina\u00e7\u00e3o de ataques e amea\u00e7as a ministros do STF na internet \u2013 esse caso tamb\u00e9m atinge correligion\u00e1rios do chefe do Executivo.<\/p>\n\n\n\n<p class=\"wp-block-paragraph\">ClickPB<\/p>\n","protected":false},"excerpt":{"rendered":"<p>BRAS\u00cdLIA, DF (FOLHAPRESS) \u2014 O ministro Alexandre de Moraes, do STF (Supremo Tribunal Federal), prorrogou por 60 dias o inqu\u00e9rito que apura se houve interfer\u00eancia do presidente Jair Bolsonaro (sem partido) no comando da Pol\u00edcia Federal. A decis\u00e3o, tomada nesta sexta-feira (27), ocorre um dias ap\u00f3s Bolsonaro pedir ao ministro que os autos fossem enviados \u00e0 PF para elabora\u00e7\u00e3o de relat\u00f3rio final. Moraes, no entanto, entendeu que h\u00e1 dilig\u00eancias ainda a serem cumpridas no caso. No m\u00eas passado, ele consultou a pol\u00edcia sobre o est\u00e1gio das investiga\u00e7\u00f5es. No mesmo despacho, o ministro pediu ao procurador-geral da Rep\u00fablica, Augusto Aras, que se manifeste sobre a necessidade do depoimento do presidente. Bolsonaro comunicou nesta quinta-feira (26) ao STF, em of\u00edcio assinado pelo advogado-geral da Uni\u00e3o, Jos\u00e9 Levi do Amaral J\u00fanior, que n\u00e3o vai depor no inqu\u00e9rito. A palavra final sobre a realiza\u00e7\u00e3o da oitiva, no entanto, cabe a Moraes. Na condi\u00e7\u00e3o de investigado, o presidente pode faltar ao compromisso caso o ministro determine que a PF marque o depoimento. O inqu\u00e9rito foi aberto no STF em abril, a pedido de Aras, para apurar as acusa\u00e7\u00f5es do ex-ministro da Justi\u00e7a Sergio Moro de que o presidente da Rep\u00fablica tentou interferir na autonomia da PF para proteger familiares e aliados. Moraes assumiu a relatoria do caso ap\u00f3s a aposentadoria do ministro Celso de Mello no m\u00eas de setembro. Em um dos \u00faltimos atos no tribunal, Celso determinou que Bolsonaro prestasse depoimento presencial e autorizou a defesa de Moro a acompanhar o interrogat\u00f3rio. O depoimento de Bolsonaro, segundo os investigadores encarregados do caso, \u00e9 apontado como uma das provid\u00eancias finais da apura\u00e7\u00e3o. O presidente afirmou ainda ao STF que a divulga\u00e7\u00e3o do v\u00eddeo da reuni\u00e3o ministerial do dia 22 de abril &#8220;demonstrou completamente infundadas quaisquer das ila\u00e7\u00f5es que deram ensejo ao presente inqu\u00e9rito&#8221;. Anexada ao inqu\u00e9rito, a grava\u00e7\u00e3o foi apontada por Moro como uma das provas de que Bolsonaro tentou interferir na pol\u00edcia. T\u00e3o logo assumiu a relatoria do caso, no final do m\u00eas passado, Moraes pediu \u00e0 PF informa\u00e7\u00f5es sobre as dilig\u00eancias em andamento. Bolsonaro j\u00e1 fez cr\u00edticas p\u00fablicas a Moraes quando o ministro anulou, em decis\u00e3o individual, a posse de Alexandre Ramagem para o comando da PF ap\u00f3s a sa\u00edda de Moro do governo e de seu indicado, Maur\u00edcio Valeixo, da chefia da corpora\u00e7\u00e3o. Moraes tamb\u00e9m \u00e9 relator de outros dois inqu\u00e9ritos sens\u00edveis ao bolsonarismo. Um diz respeito \u00e0 apura\u00e7\u00e3o de atos antidemocr\u00e1ticos realizados por aliados do presidente, e outro investiga a exist\u00eancia de uma rede de dissemina\u00e7\u00e3o de ataques e amea\u00e7as a ministros do STF na internet \u2013 esse caso tamb\u00e9m atinge correligion\u00e1rios do chefe do Executivo. ClickPB<\/p>\n","protected":false},"author":6,"featured_media":196968,"comment_status":"closed","ping_status":"closed","sticky":false,"template":"","format":"standard","meta":{"sfsi_plus_gutenberg_text_before_share":"","sfsi_plus_gutenberg_show_text_before_share":"","sfsi_plus_gutenberg_icon_type":"","sfsi_plus_gutenberg_icon_alignemt":"","sfsi_plus_gutenburg_max_per_row":"","footnotes":""},"categories":[50,12,98],"tags":[],"class_list":["post-196967","post","type-post","status-publish","format-standard","has-post-thumbnail","hentry","category-destaque","category-policia","category-presidente"],"_links":{"self":[{"href":"https:\/\/www.caririemacao.com\/1\/wp-json\/wp\/v2\/posts\/196967","targetHints":{"allow":["GET"]}}],"collection":[{"href":"https:\/\/www.caririemacao.com\/1\/wp-json\/wp\/v2\/posts"}],"about":[{"href":"https:\/\/www.caririemacao.com\/1\/wp-json\/wp\/v2\/types\/post"}],"author":[{"embeddable":true,"href":"https:\/\/www.caririemacao.com\/1\/wp-json\/wp\/v2\/users\/6"}],"replies":[{"embeddable":true,"href":"https:\/\/www.caririemacao.com\/1\/wp-json\/wp\/v2\/comments?post=196967"}],"version-history":[{"count":1,"href":"https:\/\/www.caririemacao.com\/1\/wp-json\/wp\/v2\/posts\/196967\/revisions"}],"predecessor-version":[{"id":196969,"href":"https:\/\/www.caririemacao.com\/1\/wp-json\/wp\/v2\/posts\/196967\/revisions\/196969"}],"wp:featuredmedia":[{"embeddable":true,"href":"https:\/\/www.caririemacao.com\/1\/wp-json\/wp\/v2\/media\/196968"}],"wp:attachment":[{"href":"https:\/\/www.caririemacao.com\/1\/wp-json\/wp\/v2\/media?parent=196967"}],"wp:term":[{"taxonomy":"category","embeddable":true,"href":"https:\/\/www.caririemacao.com\/1\/wp-json\/wp\/v2\/categories?post=196967"},{"taxonomy":"post_tag","embeddable":true,"href":"https:\/\/www.caririemacao.com\/1\/wp-json\/wp\/v2\/tags?post=196967"}],"curies":[{"name":"wp","href":"https:\/\/api.w.org\/{rel}","templated":true}]}}