{"id":197676,"date":"2020-12-04T11:41:00","date_gmt":"2020-12-04T14:41:00","guid":{"rendered":"https:\/\/www.caririemacao.com\/1\/?p=197676"},"modified":"2020-12-04T11:41:00","modified_gmt":"2020-12-04T14:41:00","slug":"colisao-entre-veiculos-deixa-uma-vitima-fatal-em-rodovia-na-regiao-do-cariri","status":"publish","type":"post","link":"https:\/\/www.caririemacao.com\/1\/2020\/12\/04\/colisao-entre-veiculos-deixa-uma-vitima-fatal-em-rodovia-na-regiao-do-cariri\/","title":{"rendered":"Colis\u00e3o entre ve\u00edculos deixa uma v\u00edtima fatal em rodovia na regi\u00e3o do Cariri"},"content":{"rendered":"\n<p class=\"wp-block-paragraph\">Uma mulher morreu e um jovem ficou ferido em uma colis\u00e3o entre uma caminh\u00e3o ca\u00e7amba e um carro em um trecho da BR-110, nesta quinta-feira (03) no munic\u00edpio de Monteiro no Cariri Paraibano.<\/p>\n\n\n\n<p class=\"wp-block-paragraph\">De acordo com as primeiras informa\u00e7\u00f5es, um ve\u00edculo Saveiro, colidiu na traseira de um caminh\u00e3o ca\u00e7amba. Uma mulher ainda n\u00e3o identificada n\u00e3o resistiu aos ferimentos e veio \u00f3bito no local. Ainda n\u00e3o se sabe ao certo as causas do acidente.<\/p>\n\n\n\n<p class=\"wp-block-paragraph\">Ainda de acordo com relatos, um jovem de 22 anos que estava no ve\u00edculo ficou ferido e foi rapidamente socorrido para o Hospital Regional de Monteiro.<\/p>\n\n\n\n<p class=\"wp-block-paragraph\"><em>Mais detalhes em instantes.<\/em><\/p>\n\n\n\n<p class=\"wp-block-paragraph\"><strong>De Olho no Cariri<\/strong><\/p>\n\n\n\n<p class=\"wp-block-paragraph\"><\/p>\n","protected":false},"excerpt":{"rendered":"<p>Uma mulher morreu e um jovem ficou ferido em uma colis\u00e3o entre uma caminh\u00e3o ca\u00e7amba e um carro em um trecho da BR-110, nesta quinta-feira (03) no munic\u00edpio de Monteiro no Cariri Paraibano. De acordo com as primeiras informa\u00e7\u00f5es, um ve\u00edculo Saveiro, colidiu na traseira de um caminh\u00e3o ca\u00e7amba. Uma mulher ainda n\u00e3o identificada n\u00e3o resistiu aos ferimentos e veio \u00f3bito no local. Ainda n\u00e3o se sabe ao certo as causas do acidente. Ainda de acordo com relatos, um jovem de 22 anos que estava no ve\u00edculo ficou ferido e foi rapidamente socorrido para o Hospital Regional de Monteiro. Mais detalhes em instantes. De Olho no Cariri<\/p>\n","protected":false},"author":6,"featured_media":197677,"comment_status":"closed","ping_status":"closed","sticky":false,"template":"","format":"standard","meta":{"sfsi_plus_gutenberg_text_before_share":"","sfsi_plus_gutenberg_show_text_before_share":"","sfsi_plus_gutenberg_icon_type":"","sfsi_plus_gutenberg_icon_alignemt":"","sfsi_plus_gutenburg_max_per_row":"","footnotes":""},"categories":[6,50],"tags":[],"class_list":["post-197676","post","type-post","status-publish","format-standard","has-post-thumbnail","hentry","category-cidades","category-destaque"],"_links":{"self":[{"href":"https:\/\/www.caririemacao.com\/1\/wp-json\/wp\/v2\/posts\/197676","targetHints":{"allow":["GET"]}}],"collection":[{"href":"https:\/\/www.caririemacao.com\/1\/wp-json\/wp\/v2\/posts"}],"about":[{"href":"https:\/\/www.caririemacao.com\/1\/wp-json\/wp\/v2\/types\/post"}],"author":[{"embeddable":true,"href":"https:\/\/www.caririemacao.com\/1\/wp-json\/wp\/v2\/users\/6"}],"replies":[{"embeddable":true,"href":"https:\/\/www.caririemacao.com\/1\/wp-json\/wp\/v2\/comments?post=197676"}],"version-history":[{"count":1,"href":"https:\/\/www.caririemacao.com\/1\/wp-json\/wp\/v2\/posts\/197676\/revisions"}],"predecessor-version":[{"id":197678,"href":"https:\/\/www.caririemacao.com\/1\/wp-json\/wp\/v2\/posts\/197676\/revisions\/197678"}],"wp:featuredmedia":[{"embeddable":true,"href":"https:\/\/www.caririemacao.com\/1\/wp-json\/wp\/v2\/media\/197677"}],"wp:attachment":[{"href":"https:\/\/www.caririemacao.com\/1\/wp-json\/wp\/v2\/media?parent=197676"}],"wp:term":[{"taxonomy":"category","embeddable":true,"href":"https:\/\/www.caririemacao.com\/1\/wp-json\/wp\/v2\/categories?post=197676"},{"taxonomy":"post_tag","embeddable":true,"href":"https:\/\/www.caririemacao.com\/1\/wp-json\/wp\/v2\/tags?post=197676"}],"curies":[{"name":"wp","href":"https:\/\/api.w.org\/{rel}","templated":true}]}}