{"id":198030,"date":"2020-12-08T23:25:58","date_gmt":"2020-12-09T02:25:58","guid":{"rendered":"https:\/\/www.caririemacao.com\/1\/?p=198030"},"modified":"2020-12-08T23:25:58","modified_gmt":"2020-12-09T02:25:58","slug":"homem-sofre-tentativa-de-homicidio-neste-final-de-semana-em-sao-joao-do-cariri","status":"publish","type":"post","link":"https:\/\/www.caririemacao.com\/1\/2020\/12\/08\/homem-sofre-tentativa-de-homicidio-neste-final-de-semana-em-sao-joao-do-cariri\/","title":{"rendered":"Homem sofre tentativa de homic\u00eddio neste final de semana em S\u00e3o Jo\u00e3o do Cariri"},"content":{"rendered":"\n<p class=\"wp-block-paragraph\">Uma tentativa de homic\u00eddio foi registrada no \u00faltimo s\u00e1bado(05) no bairro do Alto do Bel\u00e9m, na zona urbana de S\u00e3o Jo\u00e3o do Cariri.<\/p>\n\n\n\n<p class=\"wp-block-paragraph\">Segundo informa\u00e7\u00f5es repassadas pela Pol\u00edcia Civil da cidade, a v\u00edtima viu dois homens vindo em sua dire\u00e7\u00e3o que come\u00e7aram a disparar, ele n\u00e3o conseguiu identificar quem s\u00e3o os suspeitos e depois de baleado ele pediu socorro em um bar que fica no Alto Bel\u00e9m. A a\u00e7\u00e3o aconteceu pr\u00f3ximo a BR-412.<\/p>\n\n\n\n<p class=\"wp-block-paragraph\">A equipe de plant\u00e3o da PC foi acionada juntamente com o SAMU e ao chegarem no local encontraram a vitima deitada e sangrando bastante.&nbsp;&nbsp;A vitima \u00e9 um homem de 39 anos e foi identificado como Josenildo Epif\u00e2nio de Souza.<\/p>\n\n\n\n<p class=\"wp-block-paragraph\">Ele foi socorrido para o hospital de trauma de Campina Grande e de acordo com as informa\u00e7\u00f5es passa bem e j\u00e1 teve alta m\u00e9dica neste domingo.<\/p>\n\n\n\n<p class=\"wp-block-paragraph\"><strong>De Olho no Cariri<\/strong><\/p>\n","protected":false},"excerpt":{"rendered":"<p>Uma tentativa de homic\u00eddio foi registrada no \u00faltimo s\u00e1bado(05) no bairro do Alto do Bel\u00e9m, na zona urbana de S\u00e3o Jo\u00e3o do Cariri. Segundo informa\u00e7\u00f5es repassadas pela Pol\u00edcia Civil da cidade, a v\u00edtima viu dois homens vindo em sua dire\u00e7\u00e3o que come\u00e7aram a disparar, ele n\u00e3o conseguiu identificar quem s\u00e3o os suspeitos e depois de baleado ele pediu socorro em um bar que fica no Alto Bel\u00e9m. A a\u00e7\u00e3o aconteceu pr\u00f3ximo a BR-412. A equipe de plant\u00e3o da PC foi acionada juntamente com o SAMU e ao chegarem no local encontraram a vitima deitada e sangrando bastante.&nbsp;&nbsp;A vitima \u00e9 um homem de 39 anos e foi identificado como Josenildo Epif\u00e2nio de Souza. Ele foi socorrido para o hospital de trauma de Campina Grande e de acordo com as informa\u00e7\u00f5es passa bem e j\u00e1 teve alta m\u00e9dica neste domingo. De Olho no Cariri<\/p>\n","protected":false},"author":6,"featured_media":197996,"comment_status":"closed","ping_status":"closed","sticky":false,"template":"","format":"standard","meta":{"sfsi_plus_gutenberg_text_before_share":"","sfsi_plus_gutenberg_show_text_before_share":"","sfsi_plus_gutenberg_icon_type":"","sfsi_plus_gutenberg_icon_alignemt":"","sfsi_plus_gutenburg_max_per_row":"","footnotes":""},"categories":[6,12],"tags":[],"class_list":["post-198030","post","type-post","status-publish","format-standard","has-post-thumbnail","hentry","category-cidades","category-policia"],"_links":{"self":[{"href":"https:\/\/www.caririemacao.com\/1\/wp-json\/wp\/v2\/posts\/198030","targetHints":{"allow":["GET"]}}],"collection":[{"href":"https:\/\/www.caririemacao.com\/1\/wp-json\/wp\/v2\/posts"}],"about":[{"href":"https:\/\/www.caririemacao.com\/1\/wp-json\/wp\/v2\/types\/post"}],"author":[{"embeddable":true,"href":"https:\/\/www.caririemacao.com\/1\/wp-json\/wp\/v2\/users\/6"}],"replies":[{"embeddable":true,"href":"https:\/\/www.caririemacao.com\/1\/wp-json\/wp\/v2\/comments?post=198030"}],"version-history":[{"count":1,"href":"https:\/\/www.caririemacao.com\/1\/wp-json\/wp\/v2\/posts\/198030\/revisions"}],"predecessor-version":[{"id":198033,"href":"https:\/\/www.caririemacao.com\/1\/wp-json\/wp\/v2\/posts\/198030\/revisions\/198033"}],"wp:featuredmedia":[{"embeddable":true,"href":"https:\/\/www.caririemacao.com\/1\/wp-json\/wp\/v2\/media\/197996"}],"wp:attachment":[{"href":"https:\/\/www.caririemacao.com\/1\/wp-json\/wp\/v2\/media?parent=198030"}],"wp:term":[{"taxonomy":"category","embeddable":true,"href":"https:\/\/www.caririemacao.com\/1\/wp-json\/wp\/v2\/categories?post=198030"},{"taxonomy":"post_tag","embeddable":true,"href":"https:\/\/www.caririemacao.com\/1\/wp-json\/wp\/v2\/tags?post=198030"}],"curies":[{"name":"wp","href":"https:\/\/api.w.org\/{rel}","templated":true}]}}