{"id":198343,"date":"2020-12-12T06:33:39","date_gmt":"2020-12-12T09:33:39","guid":{"rendered":"https:\/\/www.caririemacao.com\/1\/?p=198343"},"modified":"2020-12-12T06:33:41","modified_gmt":"2020-12-12T09:33:41","slug":"prefeita-anna-lorena-anuncia-pagamento-da-segunda-parcela-do-13-e-folha-de-dezembro","status":"publish","type":"post","link":"https:\/\/www.caririemacao.com\/1\/2020\/12\/12\/prefeita-anna-lorena-anuncia-pagamento-da-segunda-parcela-do-13-e-folha-de-dezembro\/","title":{"rendered":"Prefeita Anna Lorena anuncia pagamento da segunda parcela do 13\u00b0 e folha de dezembro"},"content":{"rendered":"\n<p>A prefeita Anna Lorena anunciou na manh\u00e3 desta sexta-feira, 11, o calend\u00e1rio de pagamento da segunda parcela do D\u00e9cimo Terceiro e o calend\u00e1rio da folha de pessoal referente ao m\u00eas de dezembro.<\/p>\n\n\n\n<p>O pagamento da segunda parcela do D\u00e9cimo Terceiro inicia nesta segunda-feira, dia 14, quando recebem os aposentados, pensionistas, inativos, Montran, &nbsp;Cendov, Cultura, Esporte, Agricultura, Administra\u00e7\u00e3o, Finan\u00e7as, Infraestrutura e Comunica\u00e7\u00e3o.<\/p>\n\n\n\n<p>Na ter\u00e7a-feira, dia 15, recebem os servidores lotados na Sa\u00fade e Desenvolvimento Social e na quarta-feira, dia 16, os funcion\u00e1rios lotados na Secretaria de Educa\u00e7\u00e3o.<\/p>\n\n\n\n<p>J\u00e1 a folha de pagamento referente ao m\u00eas de dezembro ser\u00e1 paga nos dias 28, 29 e 30. Com o pagamento da segunda parcela do D\u00e9cimo Terceiro e da folha do m\u00eas de dezembro a Prefeitura de Monteiro estar\u00e1 aquecendo o com\u00e9rcio com a inje\u00e7\u00e3o de recursos da ordem de aproximadamente R$ 4 milh\u00f5es.<\/p>\n\n\n\n<p>Segundo a secret\u00e1ria de Finan\u00e7as, Rosilda Henrique, o pagamento em dia da folha de pessoal e do D\u00e9cimo Terceiro, al\u00e9m das obriga\u00e7\u00f5es patronais e fornecedores s\u00f3 \u00e9 poss\u00edvel gra\u00e7as ao equil\u00edbrio financeiro que o munic\u00edpio adotou, principalmente neste per\u00edodo de pandemia.<\/p>\n\n\n\n<p>Vitrine do Cariri<\/p>\n","protected":false},"excerpt":{"rendered":"<p>A prefeita Anna Lorena anunciou na manh\u00e3 desta sexta-feira, 11, o calend\u00e1rio de pagamento da segunda parcela do D\u00e9cimo Terceiro e o calend\u00e1rio da folha&hellip; <\/p>\n","protected":false},"author":6,"featured_media":198344,"comment_status":"closed","ping_status":"closed","sticky":false,"template":"","format":"standard","meta":{"sfsi_plus_gutenberg_text_before_share":"","sfsi_plus_gutenberg_show_text_before_share":"","sfsi_plus_gutenberg_icon_type":"","sfsi_plus_gutenberg_icon_alignemt":"","sfsi_plus_gutenburg_max_per_row":"","footnotes":""},"categories":[50,81],"tags":[],"class_list":["post-198343","post","type-post","status-publish","format-standard","has-post-thumbnail","hentry","category-destaque","category-monteiro"],"_links":{"self":[{"href":"https:\/\/www.caririemacao.com\/1\/wp-json\/wp\/v2\/posts\/198343","targetHints":{"allow":["GET"]}}],"collection":[{"href":"https:\/\/www.caririemacao.com\/1\/wp-json\/wp\/v2\/posts"}],"about":[{"href":"https:\/\/www.caririemacao.com\/1\/wp-json\/wp\/v2\/types\/post"}],"author":[{"embeddable":true,"href":"https:\/\/www.caririemacao.com\/1\/wp-json\/wp\/v2\/users\/6"}],"replies":[{"embeddable":true,"href":"https:\/\/www.caririemacao.com\/1\/wp-json\/wp\/v2\/comments?post=198343"}],"version-history":[{"count":1,"href":"https:\/\/www.caririemacao.com\/1\/wp-json\/wp\/v2\/posts\/198343\/revisions"}],"predecessor-version":[{"id":198345,"href":"https:\/\/www.caririemacao.com\/1\/wp-json\/wp\/v2\/posts\/198343\/revisions\/198345"}],"wp:featuredmedia":[{"embeddable":true,"href":"https:\/\/www.caririemacao.com\/1\/wp-json\/wp\/v2\/media\/198344"}],"wp:attachment":[{"href":"https:\/\/www.caririemacao.com\/1\/wp-json\/wp\/v2\/media?parent=198343"}],"wp:term":[{"taxonomy":"category","embeddable":true,"href":"https:\/\/www.caririemacao.com\/1\/wp-json\/wp\/v2\/categories?post=198343"},{"taxonomy":"post_tag","embeddable":true,"href":"https:\/\/www.caririemacao.com\/1\/wp-json\/wp\/v2\/tags?post=198343"}],"curies":[{"name":"wp","href":"https:\/\/api.w.org\/{rel}","templated":true}]}}