{"id":198349,"date":"2020-12-12T06:38:34","date_gmt":"2020-12-12T09:38:34","guid":{"rendered":"https:\/\/www.caririemacao.com\/1\/?p=198349"},"modified":"2020-12-12T06:38:36","modified_gmt":"2020-12-12T09:38:36","slug":"programa-mais-luz-no-campo-beneficia-mais-tres-comunidades-na-zona-rural-de-monteiro","status":"publish","type":"post","link":"https:\/\/www.caririemacao.com\/1\/2020\/12\/12\/programa-mais-luz-no-campo-beneficia-mais-tres-comunidades-na-zona-rural-de-monteiro\/","title":{"rendered":"Programa \u201cMais Luz no Campo\u201d beneficia mais tr\u00eas comunidades na zona rural de Monteiro"},"content":{"rendered":"\n<p>A equipe de eletricistas da Secretaria de Agricultura Meio Ambiente e Desenvolvimento Sustent\u00e1vel, executou nesta quinta-feira (10), mais uma a\u00e7\u00e3o do programa \u201cMais Luz no Campo\u201d, realizando o trabalho de reposi\u00e7\u00e3o de l\u00e2mpadas e lumin\u00e1rias nas Comunidades de Boa Esperan\u00e7a, S\u00edtio Barro e S\u00edtio Santa Catarina.<\/p>\n\n\n\n<p>Somente nessa a\u00e7\u00e3o, mais 03 comunidades sa\u00edram da completa escurid\u00e3o e foram beneficiadas com a substitui\u00e7\u00e3o de l\u00e2mpadas, soquetes, bocal, rel\u00e9, lumin\u00e1ria, bra\u00e7os de sustenta\u00e7\u00e3o e outros servi\u00e7os de manuten\u00e7\u00e3o, com o acompanhamento e supervis\u00e3o dos presidentes das Associa\u00e7\u00f5es Rurais.<\/p>\n\n\n\n<div class=\"wp-block-image\"><figure class=\"alignleft\"><img decoding=\"async\" data-src=\"https:\/\/i0.wp.com\/www.vitrinedocariri.com.br\/wp-content\/uploads\/2019\/12\/%E2%80%9CMais-Luz-no-Campo%E2%80%9D-atende-108-fam%C3%ADlias-de-24-comunidades-rurais-em-Novembro.jpeg?resize=300%2C174&amp;ssl=1\" alt=\"\" class=\"wp-image-59194 lazyload\" src=\"data:image\/svg+xml;base64,PHN2ZyB3aWR0aD0iMSIgaGVpZ2h0PSIxIiB4bWxucz0iaHR0cDovL3d3dy53My5vcmcvMjAwMC9zdmciPjwvc3ZnPg==\" \/><\/figure><\/div>\n\n\n\n<p><\/p>\n\n\n\n<p><\/p>\n\n\n\n<p><\/p>\n\n\n\n<p>O programa \u201cMais Luz no Campo\u201d, implantado pela prefeita Anna Lorena, considerado o maior programa de Ilumina\u00e7\u00e3o rural da hist\u00f3ria do munic\u00edpio, visa suprir a demanda de ilumina\u00e7\u00e3o p\u00fablica de todas as\u00a0resid\u00eancias da zona rural.<\/p>\n\n\n\n<p>Para ter acesso ao programa \u201cMais Luz no Campo\u201d, todas as demandas de cada comunidade dever\u00e3o ser encaminhadas atrav\u00e9s da associa\u00e7\u00e3o rural, \u00e0 Secretaria de Agricultura do Munic\u00edpio, que inclui na agenda de servi\u00e7os e j\u00e1 estabelece um prazo m\u00e9dio de in\u00edcio e conclus\u00e3o dos servi\u00e7os para cada comunidade.<\/p>\n\n\n\n<p>Na data agendada, a equipe de eletricistas \u00e9 acompanhada pelo presidente da associa\u00e7\u00e3o rural ou seu representante para comprova\u00e7\u00e3o dos servi\u00e7os<\/p>\n\n\n\n<p>Vitrine do Cariri<\/p>\n","protected":false},"excerpt":{"rendered":"<p>A equipe de eletricistas da Secretaria de Agricultura Meio Ambiente e Desenvolvimento Sustent\u00e1vel, executou nesta quinta-feira (10), mais uma a\u00e7\u00e3o do programa \u201cMais Luz no&hellip; <\/p>\n","protected":false},"author":6,"featured_media":198350,"comment_status":"closed","ping_status":"closed","sticky":false,"template":"","format":"standard","meta":{"sfsi_plus_gutenberg_text_before_share":"","sfsi_plus_gutenberg_show_text_before_share":"","sfsi_plus_gutenberg_icon_type":"","sfsi_plus_gutenberg_icon_alignemt":"","sfsi_plus_gutenburg_max_per_row":"","footnotes":""},"categories":[81],"tags":[],"class_list":["post-198349","post","type-post","status-publish","format-standard","has-post-thumbnail","hentry","category-monteiro"],"_links":{"self":[{"href":"https:\/\/www.caririemacao.com\/1\/wp-json\/wp\/v2\/posts\/198349","targetHints":{"allow":["GET"]}}],"collection":[{"href":"https:\/\/www.caririemacao.com\/1\/wp-json\/wp\/v2\/posts"}],"about":[{"href":"https:\/\/www.caririemacao.com\/1\/wp-json\/wp\/v2\/types\/post"}],"author":[{"embeddable":true,"href":"https:\/\/www.caririemacao.com\/1\/wp-json\/wp\/v2\/users\/6"}],"replies":[{"embeddable":true,"href":"https:\/\/www.caririemacao.com\/1\/wp-json\/wp\/v2\/comments?post=198349"}],"version-history":[{"count":1,"href":"https:\/\/www.caririemacao.com\/1\/wp-json\/wp\/v2\/posts\/198349\/revisions"}],"predecessor-version":[{"id":198351,"href":"https:\/\/www.caririemacao.com\/1\/wp-json\/wp\/v2\/posts\/198349\/revisions\/198351"}],"wp:featuredmedia":[{"embeddable":true,"href":"https:\/\/www.caririemacao.com\/1\/wp-json\/wp\/v2\/media\/198350"}],"wp:attachment":[{"href":"https:\/\/www.caririemacao.com\/1\/wp-json\/wp\/v2\/media?parent=198349"}],"wp:term":[{"taxonomy":"category","embeddable":true,"href":"https:\/\/www.caririemacao.com\/1\/wp-json\/wp\/v2\/categories?post=198349"},{"taxonomy":"post_tag","embeddable":true,"href":"https:\/\/www.caririemacao.com\/1\/wp-json\/wp\/v2\/tags?post=198349"}],"curies":[{"name":"wp","href":"https:\/\/api.w.org\/{rel}","templated":true}]}}