{"id":198355,"date":"2020-12-12T06:42:29","date_gmt":"2020-12-12T09:42:29","guid":{"rendered":"https:\/\/www.caririemacao.com\/1\/?p=198355"},"modified":"2020-12-12T06:42:30","modified_gmt":"2020-12-12T09:42:30","slug":"secretaria-de-comunicacao-de-monteiro-esclarece-a-respeito-de-parcelas-de-precatorios","status":"publish","type":"post","link":"https:\/\/www.caririemacao.com\/1\/2020\/12\/12\/secretaria-de-comunicacao-de-monteiro-esclarece-a-respeito-de-parcelas-de-precatorios\/","title":{"rendered":"Secretaria de Comunica\u00e7\u00e3o de Monteiro esclarece a respeito de parcelas de precat\u00f3rios"},"content":{"rendered":"\n<p>NOTA DE ESCLARECIMENTO<\/p>\n\n\n\n<p>A Prefeitura de Monteiro, atrav\u00e9s da Secretaria de Comunica\u00e7\u00e3o, vem a p\u00fablico esclarecer que foi surpreendida na manh\u00e3 desta sexta-feira, 11, com o bloqueio da import\u00e2ncia de R$ 151.691,23 (cento e cinquenta e hum mil, seiscentos e noventa e hum reais e vinte e tr\u00eas centavos), autorizado pelo Tribunal de Justi\u00e7a da Para\u00edba, que seria referente a 04 (quatro) parcelas dos precat\u00f3rios que estariam com os pagamentos atrasados.<\/p>\n\n\n\n<p>De posse de todos os recibos e documentos comprobat\u00f3rios, a Secretaria de Finan\u00e7as de Monteiro est\u00e1 &nbsp;encaminhando ao Tribunal de Justi\u00e7a da Para\u00edba a comprova\u00e7\u00e3o do pagamento &nbsp;das parcela dos precat\u00f3rios, restando apenas a parcela de novembro, com vencimento em 20 de dezembro e a do m\u00eas de dezembro com vencimento previsto para janeiro de 2021.<\/p>\n\n\n\n<p>Ap\u00f3s os esclarecimentos e encaminhamento &nbsp;das comprova\u00e7\u00f5es &nbsp;dos pagamentos ao TJPB, a Prefeitura de Monteiro aguarda o desbloqueio dos recursos.<\/p>\n\n\n\n<p>Monteiro, 11 de dezembro de 2020<\/p>\n\n\n\n<p>PREFEITURA MUNICIPAL DE MONTEIRO<br>Secretaria de Comunica\u00e7\u00e3o<\/p>\n\n\n\n<p>Vitrine do Cariri<\/p>\n","protected":false},"excerpt":{"rendered":"<p>NOTA DE ESCLARECIMENTO A Prefeitura de Monteiro, atrav\u00e9s da Secretaria de Comunica\u00e7\u00e3o, vem a p\u00fablico esclarecer que foi surpreendida na manh\u00e3 desta sexta-feira, 11, com&hellip; <\/p>\n","protected":false},"author":6,"featured_media":198356,"comment_status":"closed","ping_status":"closed","sticky":false,"template":"","format":"standard","meta":{"sfsi_plus_gutenberg_text_before_share":"","sfsi_plus_gutenberg_show_text_before_share":"","sfsi_plus_gutenberg_icon_type":"","sfsi_plus_gutenberg_icon_alignemt":"","sfsi_plus_gutenburg_max_per_row":"","footnotes":""},"categories":[50,81],"tags":[],"class_list":["post-198355","post","type-post","status-publish","format-standard","has-post-thumbnail","hentry","category-destaque","category-monteiro"],"_links":{"self":[{"href":"https:\/\/www.caririemacao.com\/1\/wp-json\/wp\/v2\/posts\/198355","targetHints":{"allow":["GET"]}}],"collection":[{"href":"https:\/\/www.caririemacao.com\/1\/wp-json\/wp\/v2\/posts"}],"about":[{"href":"https:\/\/www.caririemacao.com\/1\/wp-json\/wp\/v2\/types\/post"}],"author":[{"embeddable":true,"href":"https:\/\/www.caririemacao.com\/1\/wp-json\/wp\/v2\/users\/6"}],"replies":[{"embeddable":true,"href":"https:\/\/www.caririemacao.com\/1\/wp-json\/wp\/v2\/comments?post=198355"}],"version-history":[{"count":1,"href":"https:\/\/www.caririemacao.com\/1\/wp-json\/wp\/v2\/posts\/198355\/revisions"}],"predecessor-version":[{"id":198357,"href":"https:\/\/www.caririemacao.com\/1\/wp-json\/wp\/v2\/posts\/198355\/revisions\/198357"}],"wp:featuredmedia":[{"embeddable":true,"href":"https:\/\/www.caririemacao.com\/1\/wp-json\/wp\/v2\/media\/198356"}],"wp:attachment":[{"href":"https:\/\/www.caririemacao.com\/1\/wp-json\/wp\/v2\/media?parent=198355"}],"wp:term":[{"taxonomy":"category","embeddable":true,"href":"https:\/\/www.caririemacao.com\/1\/wp-json\/wp\/v2\/categories?post=198355"},{"taxonomy":"post_tag","embeddable":true,"href":"https:\/\/www.caririemacao.com\/1\/wp-json\/wp\/v2\/tags?post=198355"}],"curies":[{"name":"wp","href":"https:\/\/api.w.org\/{rel}","templated":true}]}}