{"id":198528,"date":"2020-12-15T09:54:39","date_gmt":"2020-12-15T12:54:39","guid":{"rendered":"https:\/\/www.caririemacao.com\/1\/?p=198528"},"modified":"2020-12-15T09:54:42","modified_gmt":"2020-12-15T12:54:42","slug":"deputados-da-paraiba-sao-contra-a-privatizacao-de-servicos-da-transposicao-do-rio-sao-francisco","status":"publish","type":"post","link":"https:\/\/www.caririemacao.com\/1\/2020\/12\/15\/deputados-da-paraiba-sao-contra-a-privatizacao-de-servicos-da-transposicao-do-rio-sao-francisco\/","title":{"rendered":"Deputados da Para\u00edba s\u00e3o contra a privatiza\u00e7\u00e3o de servi\u00e7os da transposi\u00e7\u00e3o do Rio S\u00e3o Francisco"},"content":{"rendered":"\n<p class=\"wp-block-paragraph\">A Comiss\u00e3o de Desenvolvimento, Turismo e Meio Ambiente da Assembleia Legislativa da Para\u00edba (ALPB) realizou, nesta segunda-feira (14), reuni\u00e3o extraordin\u00e1ria, atrav\u00e9s do sistema de videoconfer\u00eancia, para a apresenta\u00e7\u00e3o do Relat\u00f3rio de Gest\u00e3o das \u00c1guas pela Ag\u00eancia Executiva de Gest\u00e3o das \u00c1guas do Estado (Aesa).<\/p>\n\n\n\n<p class=\"wp-block-paragraph\">Os parlamentares aprovaram a elabora\u00e7\u00e3o de um requerimento se posicionando contra a possibilidade de privatiza\u00e7\u00e3o da distribui\u00e7\u00e3o das \u00e1guas do Rio S\u00e3o Francisco.<\/p>\n\n\n\n<p class=\"wp-block-paragraph\">A proposta, de autoria do deputado Jeov\u00e1 Campos, teve o aval de todos os membros da comiss\u00e3o.<\/p>\n\n\n\n<p class=\"wp-block-paragraph\">O objetivo \u00e9 encaminhar o posicionamento dos parlamentares para os representantes do Governo Federal, Estadual e tamb\u00e9m garantir o apoio da C\u00e2mara Federal.<\/p>\n\n\n\n<p class=\"wp-block-paragraph\">\u201cSabemos que essa \u00e1gua ser\u00e1 para melhorar a micro produ\u00e7\u00e3o da agricultura familiar. Caso o Governo Federal tenha a pretens\u00e3o de privatizar a gest\u00e3o das \u00e1guas, nos colocamos contr\u00e1rios para que possamos nos transformar em agentes de produ\u00e7\u00e3o\u201d, disse Jeov\u00e1.<\/p>\n\n\n\n<p class=\"wp-block-paragraph\">No m\u00eas passado, o Governo Federal revelou que planeja privatizar servi\u00e7os da transposi\u00e7\u00e3o do Rio S\u00e3o Francisco.<\/p>\n\n\n\n<p class=\"wp-block-paragraph\">O leil\u00e3o de concess\u00e3o deve ser realizado em julho de 2021.<\/p>\n\n\n\n<p class=\"wp-block-paragraph\">A reuni\u00e3o contou com a presen\u00e7a do presidente da comiss\u00e3o, o deputado Moacir Rodrigues, dos deputados J\u00fanior Ara\u00fajo, Chi\u00f3 e Jeov\u00e1 Campos; do diretor presidente da Aesa, Porf\u00edrio Cat\u00e3o Cartaxo Loureiro; e o diretor de Acompanhamento e Controle da Aesa, Beranger Arnaldo de Ara\u00fajo.<\/p>\n\n\n\n<p class=\"wp-block-paragraph\">\u201cA Aesa cumpre um papel importante e n\u00f3s da Casa Legislativa parabenizamos pelo excelente trabalho em prol do desenvolvimento do nosso estado\u201d, destaca Moacir.<\/p>\n\n\n\n<p class=\"wp-block-paragraph\"><strong>Relat\u00f3rio<\/strong><\/p>\n\n\n\n<p class=\"wp-block-paragraph\">Na apresenta\u00e7\u00e3o do relat\u00f3rio de atividades da Ag\u00eancia Executiva de Gest\u00e3o das \u00c1guas do Estado da Para\u00edba (Aesa), Porf\u00edrio Cat\u00e3o Cartaxo Loureiro citou v\u00e1rias a\u00e7\u00f5es e projetos que ser\u00e3o desenvolvidos a partir do ano que vem, destacando atualiza\u00e7\u00e3o do Plano Estadual de Recursos H\u00eddricos da Para\u00edba (PERH-PB) e a execu\u00e7\u00e3o do Projeto de Seguran\u00e7a H\u00eddrica do Estado da Para\u00edba (PSH-PB). Neste projeto, segundo ele, o Banco Mundial investir\u00e1 aproximadamente US$ 127 milh\u00f5es, com a contrapartida de US$ 80,2 milh\u00f5es do Governo do Estado.<\/p>\n\n\n\n<p class=\"wp-block-paragraph\">\u201c\u00c9 um projeto de 207 milh\u00f5es de d\u00f3lares \u2013 mais de 1 bilh\u00e3o e 100 milh\u00f5es de reais, que utilizaremos na Para\u00edba para a atualiza\u00e7\u00e3o do Plano da bacia do Rio Para\u00edba; realiza\u00e7\u00e3o de estudos hidrogeol\u00f3gicos sobre as \u00e1reas de recarga no sistema Para\u00edba\/Pernambuco e implanta\u00e7\u00e3o da rede de monitoramento das \u00e1guas subterr\u00e2neas do estado; al\u00e9m da Elabora\u00e7\u00e3o do Plano de Gest\u00e3o das \u00e1guas da Transposi\u00e7\u00e3o do Rio S\u00e3o Francisco, na Para\u00edba, e dos canais da reden\u00e7\u00e3o e Vertentes Litor\u00e2neas\u201d, explica.<\/p>\n\n\n\n<p class=\"wp-block-paragraph\">Porfirio tamb\u00e9m enfatizou a cria\u00e7\u00e3o do projeto Comit\u00eas nas Escolas, uma a\u00e7\u00e3o da Aesa junto com os Comit\u00eas de Bacias, em parceria com a Secretaria de Recursos H\u00eddricos Infraestrutura e Meio Ambiente e a Secretaria da Educa\u00e7\u00e3o.<\/p>\n\n\n\n<p class=\"wp-block-paragraph\">Ele disse que todas as reuni\u00f5es j\u00e1 foram realizadas e elaborado todo o material de estudos, mas o projeto teve que ser adiado devido \u00e0 pandemia do Coronavirus.<\/p>\n\n\n\n<p class=\"wp-block-paragraph\">\u201cNo ano que vem, se Deus quiser, e com a vacina\u00e7\u00e3o da popula\u00e7\u00e3o, n\u00f3s poderemos dar in\u00edcio a esse importante projeto, de suma import\u00e2ncia, porque vai capacitar as crian\u00e7as para entender mais os nossos recursos h\u00eddricos, t\u00e3o importantes para a nossa vida\u201d, acrescenta.<\/p>\n","protected":false},"excerpt":{"rendered":"<p>A Comiss\u00e3o de Desenvolvimento, Turismo e Meio Ambiente da Assembleia Legislativa da Para\u00edba (ALPB) realizou, nesta segunda-feira (14), reuni\u00e3o extraordin\u00e1ria, atrav\u00e9s do sistema de videoconfer\u00eancia, para a apresenta\u00e7\u00e3o do Relat\u00f3rio de Gest\u00e3o das \u00c1guas pela Ag\u00eancia Executiva de Gest\u00e3o das \u00c1guas do Estado (Aesa). Os parlamentares aprovaram a elabora\u00e7\u00e3o de um requerimento se posicionando contra a possibilidade de privatiza\u00e7\u00e3o da distribui\u00e7\u00e3o das \u00e1guas do Rio S\u00e3o Francisco. A proposta, de autoria do deputado Jeov\u00e1 Campos, teve o aval de todos os membros da comiss\u00e3o. O objetivo \u00e9 encaminhar o posicionamento dos parlamentares para os representantes do Governo Federal, Estadual e tamb\u00e9m garantir o apoio da C\u00e2mara Federal. \u201cSabemos que essa \u00e1gua ser\u00e1 para melhorar a micro produ\u00e7\u00e3o da agricultura familiar. Caso o Governo Federal tenha a pretens\u00e3o de privatizar a gest\u00e3o das \u00e1guas, nos colocamos contr\u00e1rios para que possamos nos transformar em agentes de produ\u00e7\u00e3o\u201d, disse Jeov\u00e1. No m\u00eas passado, o Governo Federal revelou que planeja privatizar servi\u00e7os da transposi\u00e7\u00e3o do Rio S\u00e3o Francisco. O leil\u00e3o de concess\u00e3o deve ser realizado em julho de 2021. A reuni\u00e3o contou com a presen\u00e7a do presidente da comiss\u00e3o, o deputado Moacir Rodrigues, dos deputados J\u00fanior Ara\u00fajo, Chi\u00f3 e Jeov\u00e1 Campos; do diretor presidente da Aesa, Porf\u00edrio Cat\u00e3o Cartaxo Loureiro; e o diretor de Acompanhamento e Controle da Aesa, Beranger Arnaldo de Ara\u00fajo. \u201cA Aesa cumpre um papel importante e n\u00f3s da Casa Legislativa parabenizamos pelo excelente trabalho em prol do desenvolvimento do nosso estado\u201d, destaca Moacir. Relat\u00f3rio Na apresenta\u00e7\u00e3o do relat\u00f3rio de atividades da Ag\u00eancia Executiva de Gest\u00e3o das \u00c1guas do Estado da Para\u00edba (Aesa), Porf\u00edrio Cat\u00e3o Cartaxo Loureiro citou v\u00e1rias a\u00e7\u00f5es e projetos que ser\u00e3o desenvolvidos a partir do ano que vem, destacando atualiza\u00e7\u00e3o do Plano Estadual de Recursos H\u00eddricos da Para\u00edba (PERH-PB) e a execu\u00e7\u00e3o do Projeto de Seguran\u00e7a H\u00eddrica do Estado da Para\u00edba (PSH-PB). Neste projeto, segundo ele, o Banco Mundial investir\u00e1 aproximadamente US$ 127 milh\u00f5es, com a contrapartida de US$ 80,2 milh\u00f5es do Governo do Estado. \u201c\u00c9 um projeto de 207 milh\u00f5es de d\u00f3lares \u2013 mais de 1 bilh\u00e3o e 100 milh\u00f5es de reais, que utilizaremos na Para\u00edba para a atualiza\u00e7\u00e3o do Plano da bacia do Rio Para\u00edba; realiza\u00e7\u00e3o de estudos hidrogeol\u00f3gicos sobre as \u00e1reas de recarga no sistema Para\u00edba\/Pernambuco e implanta\u00e7\u00e3o da rede de monitoramento das \u00e1guas subterr\u00e2neas do estado; al\u00e9m da Elabora\u00e7\u00e3o do Plano de Gest\u00e3o das \u00e1guas da Transposi\u00e7\u00e3o do Rio S\u00e3o Francisco, na Para\u00edba, e dos canais da reden\u00e7\u00e3o e Vertentes Litor\u00e2neas\u201d, explica. Porfirio tamb\u00e9m enfatizou a cria\u00e7\u00e3o do projeto Comit\u00eas nas Escolas, uma a\u00e7\u00e3o da Aesa junto com os Comit\u00eas de Bacias, em parceria com a Secretaria de Recursos H\u00eddricos Infraestrutura e Meio Ambiente e a Secretaria da Educa\u00e7\u00e3o. Ele disse que todas as reuni\u00f5es j\u00e1 foram realizadas e elaborado todo o material de estudos, mas o projeto teve que ser adiado devido \u00e0 pandemia do Coronavirus. \u201cNo ano que vem, se Deus quiser, e com a vacina\u00e7\u00e3o da popula\u00e7\u00e3o, n\u00f3s poderemos dar in\u00edcio a esse importante projeto, de suma import\u00e2ncia, porque vai capacitar as crian\u00e7as para entender mais os nossos recursos h\u00eddricos, t\u00e3o importantes para a nossa vida\u201d, acrescenta.<\/p>\n","protected":false},"author":6,"featured_media":198529,"comment_status":"closed","ping_status":"closed","sticky":false,"template":"","format":"standard","meta":{"sfsi_plus_gutenberg_text_before_share":"","sfsi_plus_gutenberg_show_text_before_share":"","sfsi_plus_gutenberg_icon_type":"","sfsi_plus_gutenberg_icon_alignemt":"","sfsi_plus_gutenburg_max_per_row":"","footnotes":""},"categories":[50],"tags":[],"class_list":["post-198528","post","type-post","status-publish","format-standard","has-post-thumbnail","hentry","category-destaque"],"_links":{"self":[{"href":"https:\/\/www.caririemacao.com\/1\/wp-json\/wp\/v2\/posts\/198528","targetHints":{"allow":["GET"]}}],"collection":[{"href":"https:\/\/www.caririemacao.com\/1\/wp-json\/wp\/v2\/posts"}],"about":[{"href":"https:\/\/www.caririemacao.com\/1\/wp-json\/wp\/v2\/types\/post"}],"author":[{"embeddable":true,"href":"https:\/\/www.caririemacao.com\/1\/wp-json\/wp\/v2\/users\/6"}],"replies":[{"embeddable":true,"href":"https:\/\/www.caririemacao.com\/1\/wp-json\/wp\/v2\/comments?post=198528"}],"version-history":[{"count":1,"href":"https:\/\/www.caririemacao.com\/1\/wp-json\/wp\/v2\/posts\/198528\/revisions"}],"predecessor-version":[{"id":198530,"href":"https:\/\/www.caririemacao.com\/1\/wp-json\/wp\/v2\/posts\/198528\/revisions\/198530"}],"wp:featuredmedia":[{"embeddable":true,"href":"https:\/\/www.caririemacao.com\/1\/wp-json\/wp\/v2\/media\/198529"}],"wp:attachment":[{"href":"https:\/\/www.caririemacao.com\/1\/wp-json\/wp\/v2\/media?parent=198528"}],"wp:term":[{"taxonomy":"category","embeddable":true,"href":"https:\/\/www.caririemacao.com\/1\/wp-json\/wp\/v2\/categories?post=198528"},{"taxonomy":"post_tag","embeddable":true,"href":"https:\/\/www.caririemacao.com\/1\/wp-json\/wp\/v2\/tags?post=198528"}],"curies":[{"name":"wp","href":"https:\/\/api.w.org\/{rel}","templated":true}]}}