{"id":198709,"date":"2020-12-16T10:23:02","date_gmt":"2020-12-16T13:23:02","guid":{"rendered":"https:\/\/www.caririemacao.com\/1\/?p=198709"},"modified":"2020-12-16T10:23:05","modified_gmt":"2020-12-16T13:23:05","slug":"sem-mascara-bolsonaro-encontra-silvio-santos-de-90-anos-e-e-alvo-de-criticas","status":"publish","type":"post","link":"https:\/\/www.caririemacao.com\/1\/2020\/12\/16\/sem-mascara-bolsonaro-encontra-silvio-santos-de-90-anos-e-e-alvo-de-criticas\/","title":{"rendered":"Sem m\u00e1scara, Bolsonaro encontra Silvio Santos, de 90 anos, e \u00e9 alvo de cr\u00edticas"},"content":{"rendered":"\n<p class=\"wp-block-paragraph\">&nbsp;O presidente Jair Bolsonaro (sem partido) se encontrou com Silvio Santos nesta ter\u00e7a-feira (15), em cerim\u00f4nia de entrega de um selo que homenageia o fundador do SBT.<\/p>\n\n\n\n<p class=\"wp-block-paragraph\">Os Correios lan\u00e7aram um selo em comemora\u00e7\u00e3o aos 90 anos do apresentador, al\u00e9m de um carimbo comemorativo que reproduz a ef\u00edgie do comunicador.<\/p>\n\n\n\n<p class=\"wp-block-paragraph\">Nem Silvio nem Bolsonaro usavam m\u00e1scara na cerim\u00f4nia. Fotos do evento foram postadas nas redes sociais oficias do pal\u00e1cio do Planalto, de um dos filhos do presidente, Eduardo, e do ministro das Comunica\u00e7\u00f5es, F\u00e1bio Faria \u2013este \u00faltimo estava presente e usava m\u00e1scara.<\/p>\n\n\n\n<p class=\"wp-block-paragraph\">As fotos motivaram cr\u00edticas, que destacaram a aus\u00eancia da m\u00e1scara. Alguns chamaram o epis\u00f3dio de &#8220;lament\u00e1vel&#8221; e outros falaram em &#8220;irresponsabilidade&#8221;. Outros criticaram as supostas prioridades na agenda do presidente. Muitos outros perfis elogiaram.<\/p>\n\n\n\n<p class=\"wp-block-paragraph\">Por causa da pandemia do coronav\u00edrus, o apresentador e empres\u00e1rio est\u00e1 afastado das grava\u00e7\u00f5es desde mar\u00e7o, quando voltou das f\u00e9rias de final de ano. No final do ano passado, ele tamb\u00e9m passou um tempo sem gravar devido a uma forte gripe. O isolamento de Silvio em 2020 reduziu o fluxo de pol\u00edticos do governo, que havia sido intenso no ano passado, em programas do SBT.<\/p>\n\n\n\n<p class=\"wp-block-paragraph\">ClickPB<\/p>\n","protected":false},"excerpt":{"rendered":"<p>&nbsp;O presidente Jair Bolsonaro (sem partido) se encontrou com Silvio Santos nesta ter\u00e7a-feira (15), em cerim\u00f4nia de entrega de um selo que homenageia o fundador do SBT. Os Correios lan\u00e7aram um selo em comemora\u00e7\u00e3o aos 90 anos do apresentador, al\u00e9m de um carimbo comemorativo que reproduz a ef\u00edgie do comunicador. Nem Silvio nem Bolsonaro usavam m\u00e1scara na cerim\u00f4nia. Fotos do evento foram postadas nas redes sociais oficias do pal\u00e1cio do Planalto, de um dos filhos do presidente, Eduardo, e do ministro das Comunica\u00e7\u00f5es, F\u00e1bio Faria \u2013este \u00faltimo estava presente e usava m\u00e1scara. As fotos motivaram cr\u00edticas, que destacaram a aus\u00eancia da m\u00e1scara. Alguns chamaram o epis\u00f3dio de &#8220;lament\u00e1vel&#8221; e outros falaram em &#8220;irresponsabilidade&#8221;. Outros criticaram as supostas prioridades na agenda do presidente. Muitos outros perfis elogiaram. Por causa da pandemia do coronav\u00edrus, o apresentador e empres\u00e1rio est\u00e1 afastado das grava\u00e7\u00f5es desde mar\u00e7o, quando voltou das f\u00e9rias de final de ano. No final do ano passado, ele tamb\u00e9m passou um tempo sem gravar devido a uma forte gripe. O isolamento de Silvio em 2020 reduziu o fluxo de pol\u00edticos do governo, que havia sido intenso no ano passado, em programas do SBT. ClickPB<\/p>\n","protected":false},"author":6,"featured_media":198710,"comment_status":"closed","ping_status":"closed","sticky":false,"template":"","format":"standard","meta":{"sfsi_plus_gutenberg_text_before_share":"","sfsi_plus_gutenberg_show_text_before_share":"","sfsi_plus_gutenberg_icon_type":"","sfsi_plus_gutenberg_icon_alignemt":"","sfsi_plus_gutenburg_max_per_row":"","footnotes":""},"categories":[50,98],"tags":[],"class_list":["post-198709","post","type-post","status-publish","format-standard","has-post-thumbnail","hentry","category-destaque","category-presidente"],"_links":{"self":[{"href":"https:\/\/www.caririemacao.com\/1\/wp-json\/wp\/v2\/posts\/198709","targetHints":{"allow":["GET"]}}],"collection":[{"href":"https:\/\/www.caririemacao.com\/1\/wp-json\/wp\/v2\/posts"}],"about":[{"href":"https:\/\/www.caririemacao.com\/1\/wp-json\/wp\/v2\/types\/post"}],"author":[{"embeddable":true,"href":"https:\/\/www.caririemacao.com\/1\/wp-json\/wp\/v2\/users\/6"}],"replies":[{"embeddable":true,"href":"https:\/\/www.caririemacao.com\/1\/wp-json\/wp\/v2\/comments?post=198709"}],"version-history":[{"count":1,"href":"https:\/\/www.caririemacao.com\/1\/wp-json\/wp\/v2\/posts\/198709\/revisions"}],"predecessor-version":[{"id":198711,"href":"https:\/\/www.caririemacao.com\/1\/wp-json\/wp\/v2\/posts\/198709\/revisions\/198711"}],"wp:featuredmedia":[{"embeddable":true,"href":"https:\/\/www.caririemacao.com\/1\/wp-json\/wp\/v2\/media\/198710"}],"wp:attachment":[{"href":"https:\/\/www.caririemacao.com\/1\/wp-json\/wp\/v2\/media?parent=198709"}],"wp:term":[{"taxonomy":"category","embeddable":true,"href":"https:\/\/www.caririemacao.com\/1\/wp-json\/wp\/v2\/categories?post=198709"},{"taxonomy":"post_tag","embeddable":true,"href":"https:\/\/www.caririemacao.com\/1\/wp-json\/wp\/v2\/tags?post=198709"}],"curies":[{"name":"wp","href":"https:\/\/api.w.org\/{rel}","templated":true}]}}