{"id":199262,"date":"2020-12-18T16:52:34","date_gmt":"2020-12-18T19:52:34","guid":{"rendered":"https:\/\/www.caririemacao.com\/1\/?p=199262"},"modified":"2020-12-18T16:52:36","modified_gmt":"2020-12-18T19:52:36","slug":"bolsonaro-diz-que-bolsa-familia-nao-tera-13o-por-culpa-de-maia-que-chama-presidente-de-mentiroso","status":"publish","type":"post","link":"https:\/\/www.caririemacao.com\/1\/2020\/12\/18\/bolsonaro-diz-que-bolsa-familia-nao-tera-13o-por-culpa-de-maia-que-chama-presidente-de-mentiroso\/","title":{"rendered":"Bolsonaro diz que Bolsa Fam\u00edlia n\u00e3o ter\u00e1 13\u00ba por culpa de Maia, que chama presidente de mentiroso"},"content":{"rendered":"\n<p class=\"wp-block-paragraph\">O presidente Jair Bolsonaro (sem partido) transferiu para o presidente da C\u00e2mara, Rodrigo Maia (DEM-RJ), a responsabilidade por benefici\u00e1rios do Bolsa Fam\u00edlia n\u00e3o receberem uma 13\u00aa parcela do programa neste ano. O deputado respondeu chamando o chefe do Executivo de mentiroso.<\/p>\n\n\n\n<p class=\"wp-block-paragraph\">A 13\u00ba cota do benef\u00edcio era uma promessa de campanha de Bolsonaro e foi paga apenas em 2019 por meio de uma MP (medida provis\u00f3ria). Durante a tramita\u00e7\u00e3o no Congresso, o relator da mat\u00e9ria, senador Randolfe Rodrigues (Rede-AP), prop\u00f4s que a parcela extra fosse estabelecida para todos os anos seguintes.<\/p>\n\n\n\n<p class=\"wp-block-paragraph\">A medida perdeu a validade em 25 de mar\u00e7o, quando estava na pauta da C\u00e2mara dos Deputados e ainda seguiria para o Senado.<\/p>\n\n\n\n<p class=\"wp-block-paragraph\">\u201cVoc\u00ea est\u00e1 reclamando do 13\u00ba do Bolsa Fam\u00edlia, que n\u00e3o teve. Sabia que n\u00e3o teve este ano? Foi promessa minha? Foi. Foi pago no ano passado? Mas o presidente da C\u00e2mara deixou caducar a MP. Vai cobrar de mim? Cobra do presidente da C\u00e2mara, que o Supremo agora n\u00e3o deu o direito de ele disputar a reelei\u00e7\u00e3o. Cobra dele\u201d, disse Bolsonaro em sua transmiss\u00e3o semana pela internet na noite desta quinta-feira (17).<\/p>\n\n\n\n<p class=\"wp-block-paragraph\">\u00c0 \u00e9poca, por\u00e9m, a MP n\u00e3o foi votada por causa de uma articula\u00e7\u00e3o do pr\u00f3prio governo, que previa um impacto de R$ 8 bilh\u00f5es aos cofres p\u00fablicos.<\/p>\n\n\n\n<p class=\"wp-block-paragraph\">\u201cNunca imaginei que Bolsonaro fosse mentiroso\u201d, disse Maia \u00e0 reportagem, ao ser informado da acusa\u00e7\u00e3o feita pelo presidente na live.<\/p>\n\n\n\n<p class=\"wp-block-paragraph\">\u201cFoi pedido do governo, mas tem um projeto do deputado Darci de Matos [PSD-SC] criando o 13\u00ba. Posso votar amanh\u00e3 [sexta-feira (17)], se ele quiser\u201d, afirmou o presidente da C\u00e2mara.<\/p>\n\n\n\n<p class=\"wp-block-paragraph\">O projeto de lei n\u00ba 4439\/20 autoriza o pagamento, no m\u00eas de dezembro de cada ano, de abono de at\u00e9 um sal\u00e1rio m\u00ednimo \u00e0 pessoa com defici\u00eancia e ao idoso com mais de 65 anos que recebam o BPC (Benef\u00edcio de Presta\u00e7\u00e3o Continuada).<\/p>\n\n\n\n<p class=\"wp-block-paragraph\">Bolsonaro e Maia sempre tiveram uma rela\u00e7\u00e3o tensa, mas isso piorou nos \u00faltimos dias porque Bolsonaro est\u00e1 patrocinando a candidatura do l\u00edder do Progressistas na C\u00e2mara, Arthur Lira (AL), na disputa pelo comando da Casa.<\/p>\n\n\n\n<p class=\"wp-block-paragraph\">BRAS\u00cdLIA, DF (FOLHAPRESS)\u00a0<\/p>\n","protected":false},"excerpt":{"rendered":"<p>O presidente Jair Bolsonaro (sem partido) transferiu para o presidente da C\u00e2mara, Rodrigo Maia (DEM-RJ), a responsabilidade por benefici\u00e1rios do Bolsa Fam\u00edlia n\u00e3o receberem uma 13\u00aa parcela do programa neste ano. O deputado respondeu chamando o chefe do Executivo de mentiroso. A 13\u00ba cota do benef\u00edcio era uma promessa de campanha de Bolsonaro e foi paga apenas em 2019 por meio de uma MP (medida provis\u00f3ria). Durante a tramita\u00e7\u00e3o no Congresso, o relator da mat\u00e9ria, senador Randolfe Rodrigues (Rede-AP), prop\u00f4s que a parcela extra fosse estabelecida para todos os anos seguintes. A medida perdeu a validade em 25 de mar\u00e7o, quando estava na pauta da C\u00e2mara dos Deputados e ainda seguiria para o Senado. \u201cVoc\u00ea est\u00e1 reclamando do 13\u00ba do Bolsa Fam\u00edlia, que n\u00e3o teve. Sabia que n\u00e3o teve este ano? Foi promessa minha? Foi. Foi pago no ano passado? Mas o presidente da C\u00e2mara deixou caducar a MP. Vai cobrar de mim? Cobra do presidente da C\u00e2mara, que o Supremo agora n\u00e3o deu o direito de ele disputar a reelei\u00e7\u00e3o. Cobra dele\u201d, disse Bolsonaro em sua transmiss\u00e3o semana pela internet na noite desta quinta-feira (17). \u00c0 \u00e9poca, por\u00e9m, a MP n\u00e3o foi votada por causa de uma articula\u00e7\u00e3o do pr\u00f3prio governo, que previa um impacto de R$ 8 bilh\u00f5es aos cofres p\u00fablicos. \u201cNunca imaginei que Bolsonaro fosse mentiroso\u201d, disse Maia \u00e0 reportagem, ao ser informado da acusa\u00e7\u00e3o feita pelo presidente na live. \u201cFoi pedido do governo, mas tem um projeto do deputado Darci de Matos [PSD-SC] criando o 13\u00ba. Posso votar amanh\u00e3 [sexta-feira (17)], se ele quiser\u201d, afirmou o presidente da C\u00e2mara. O projeto de lei n\u00ba 4439\/20 autoriza o pagamento, no m\u00eas de dezembro de cada ano, de abono de at\u00e9 um sal\u00e1rio m\u00ednimo \u00e0 pessoa com defici\u00eancia e ao idoso com mais de 65 anos que recebam o BPC (Benef\u00edcio de Presta\u00e7\u00e3o Continuada). Bolsonaro e Maia sempre tiveram uma rela\u00e7\u00e3o tensa, mas isso piorou nos \u00faltimos dias porque Bolsonaro est\u00e1 patrocinando a candidatura do l\u00edder do Progressistas na C\u00e2mara, Arthur Lira (AL), na disputa pelo comando da Casa. BRAS\u00cdLIA, DF (FOLHAPRESS)\u00a0<\/p>\n","protected":false},"author":6,"featured_media":199274,"comment_status":"closed","ping_status":"closed","sticky":false,"template":"","format":"standard","meta":{"sfsi_plus_gutenberg_text_before_share":"","sfsi_plus_gutenberg_show_text_before_share":"","sfsi_plus_gutenberg_icon_type":"","sfsi_plus_gutenberg_icon_alignemt":"","sfsi_plus_gutenburg_max_per_row":"","footnotes":""},"categories":[50,98],"tags":[],"class_list":["post-199262","post","type-post","status-publish","format-standard","has-post-thumbnail","hentry","category-destaque","category-presidente"],"_links":{"self":[{"href":"https:\/\/www.caririemacao.com\/1\/wp-json\/wp\/v2\/posts\/199262","targetHints":{"allow":["GET"]}}],"collection":[{"href":"https:\/\/www.caririemacao.com\/1\/wp-json\/wp\/v2\/posts"}],"about":[{"href":"https:\/\/www.caririemacao.com\/1\/wp-json\/wp\/v2\/types\/post"}],"author":[{"embeddable":true,"href":"https:\/\/www.caririemacao.com\/1\/wp-json\/wp\/v2\/users\/6"}],"replies":[{"embeddable":true,"href":"https:\/\/www.caririemacao.com\/1\/wp-json\/wp\/v2\/comments?post=199262"}],"version-history":[{"count":1,"href":"https:\/\/www.caririemacao.com\/1\/wp-json\/wp\/v2\/posts\/199262\/revisions"}],"predecessor-version":[{"id":199275,"href":"https:\/\/www.caririemacao.com\/1\/wp-json\/wp\/v2\/posts\/199262\/revisions\/199275"}],"wp:featuredmedia":[{"embeddable":true,"href":"https:\/\/www.caririemacao.com\/1\/wp-json\/wp\/v2\/media\/199274"}],"wp:attachment":[{"href":"https:\/\/www.caririemacao.com\/1\/wp-json\/wp\/v2\/media?parent=199262"}],"wp:term":[{"taxonomy":"category","embeddable":true,"href":"https:\/\/www.caririemacao.com\/1\/wp-json\/wp\/v2\/categories?post=199262"},{"taxonomy":"post_tag","embeddable":true,"href":"https:\/\/www.caririemacao.com\/1\/wp-json\/wp\/v2\/tags?post=199262"}],"curies":[{"name":"wp","href":"https:\/\/api.w.org\/{rel}","templated":true}]}}