{"id":199472,"date":"2020-12-21T08:11:15","date_gmt":"2020-12-21T11:11:15","guid":{"rendered":"https:\/\/www.caririemacao.com\/1\/?p=199472"},"modified":"2020-12-21T08:11:18","modified_gmt":"2020-12-21T11:11:18","slug":"nenhum-aluno-da-rede-estadual-da-paraiba-sera-reprovado-este-ano","status":"publish","type":"post","link":"https:\/\/www.caririemacao.com\/1\/2020\/12\/21\/nenhum-aluno-da-rede-estadual-da-paraiba-sera-reprovado-este-ano\/","title":{"rendered":"Nenhum aluno da rede estadual da Para\u00edba ser\u00e1 reprovado este ano"},"content":{"rendered":"\n<p class=\"wp-block-paragraph\">Segundo mat\u00e9ria publicada na edi\u00e7\u00e3o deste s\u00e1bado (19), do Jornal da Uni\u00e3o, a Rede Estadual de Ensino vai seguir o Conselho Nacional de Educa\u00e7\u00e3o (CNE) que orientou a progress\u00e3o dos alunos para a s\u00e9rie seguinte, considerando os desafios e dificuldades enfrentados durante a pandemia. Ou seja, nenhum aluno ser\u00e1 reprovado.<\/p>\n\n\n\n<p class=\"wp-block-paragraph\">\u201c\u00c9 a \u00fanica maneira de n\u00e3o deixar ningu\u00e9m no caminho. A partir do momento que se faz isso, reduz-se o n\u00famero de desist\u00eancia e evas\u00e3o\u201d, pontuou Claudio Furtado (foto), secret\u00e1rio executivo da Secretaria de Estado da Educa\u00e7\u00e3o e da Ci\u00eancia e Tecnologia da Para\u00edba (SEECT).<\/p>\n\n\n\n<p class=\"wp-block-paragraph\">O secret\u00e1rio afirmou ainda que o conte\u00fado n\u00e3o passado ou n\u00e3o absorvido pelo aluno no ano vigente ser\u00e1 ofertado no pr\u00f3ximo ano letivo.<\/p>\n\n\n\n<p class=\"wp-block-paragraph\">\u201c\u00c9 o que chamamos de Itiner\u00e1rio Cont\u00ednuo 2020 e 2021. Nossa proposta \u00e9 avaliar a situa\u00e7\u00e3o pedag\u00f3gica em toda a rede para estabelecer esse refor\u00e7o de acordo com cada necessidade\u201d, frisou o titular da SEC\/PB.<\/p>\n\n\n\n<p class=\"wp-block-paragraph\">O secret\u00e1rio adiantou que pode haver a inser\u00e7\u00e3o de um quarto ano para o ensino m\u00e9dio.<\/p>\n\n\n\n<p class=\"wp-block-paragraph\">\u201cS\u00e3o alunos que est\u00e3o saindo para a universidade e por isso estamos avaliando essa possibilidade, daqueles que sentirem necessidade terem a oportunidade de rever conte\u00fados\u201d, assinalou Furtado.<\/p>\n\n\n\n<p class=\"wp-block-paragraph\">Nas 660 escolas da rede os 250 mil alunos est\u00e3o cumprindo as \u00faltimas atividades antes do encerramento do ano letivo, em 17 de janeiro.<\/p>\n\n\n\n<p class=\"wp-block-paragraph\">Com informa\u00e7\u00f5es do Jornal A Uni\u00e3o<\/p>\n\n\n\n<p class=\"wp-block-paragraph\">Blog do Bruno Lira<\/p>\n","protected":false},"excerpt":{"rendered":"<p>Segundo mat\u00e9ria publicada na edi\u00e7\u00e3o deste s\u00e1bado (19), do Jornal da Uni\u00e3o, a Rede Estadual de Ensino vai seguir o Conselho Nacional de Educa\u00e7\u00e3o (CNE) que orientou a progress\u00e3o dos alunos para a s\u00e9rie seguinte, considerando os desafios e dificuldades enfrentados durante a pandemia. Ou seja, nenhum aluno ser\u00e1 reprovado. \u201c\u00c9 a \u00fanica maneira de n\u00e3o deixar ningu\u00e9m no caminho. A partir do momento que se faz isso, reduz-se o n\u00famero de desist\u00eancia e evas\u00e3o\u201d, pontuou Claudio Furtado (foto), secret\u00e1rio executivo da Secretaria de Estado da Educa\u00e7\u00e3o e da Ci\u00eancia e Tecnologia da Para\u00edba (SEECT). O secret\u00e1rio afirmou ainda que o conte\u00fado n\u00e3o passado ou n\u00e3o absorvido pelo aluno no ano vigente ser\u00e1 ofertado no pr\u00f3ximo ano letivo. \u201c\u00c9 o que chamamos de Itiner\u00e1rio Cont\u00ednuo 2020 e 2021. Nossa proposta \u00e9 avaliar a situa\u00e7\u00e3o pedag\u00f3gica em toda a rede para estabelecer esse refor\u00e7o de acordo com cada necessidade\u201d, frisou o titular da SEC\/PB. O secret\u00e1rio adiantou que pode haver a inser\u00e7\u00e3o de um quarto ano para o ensino m\u00e9dio. \u201cS\u00e3o alunos que est\u00e3o saindo para a universidade e por isso estamos avaliando essa possibilidade, daqueles que sentirem necessidade terem a oportunidade de rever conte\u00fados\u201d, assinalou Furtado. Nas 660 escolas da rede os 250 mil alunos est\u00e3o cumprindo as \u00faltimas atividades antes do encerramento do ano letivo, em 17 de janeiro. Com informa\u00e7\u00f5es do Jornal A Uni\u00e3o Blog do Bruno Lira<\/p>\n","protected":false},"author":6,"featured_media":199473,"comment_status":"closed","ping_status":"closed","sticky":false,"template":"","format":"standard","meta":{"sfsi_plus_gutenberg_text_before_share":"","sfsi_plus_gutenberg_show_text_before_share":"","sfsi_plus_gutenberg_icon_type":"","sfsi_plus_gutenberg_icon_alignemt":"","sfsi_plus_gutenburg_max_per_row":"","footnotes":""},"categories":[50,14,104],"tags":[],"class_list":["post-199472","post","type-post","status-publish","format-standard","has-post-thumbnail","hentry","category-destaque","category-educacao","category-paraiba"],"_links":{"self":[{"href":"https:\/\/www.caririemacao.com\/1\/wp-json\/wp\/v2\/posts\/199472","targetHints":{"allow":["GET"]}}],"collection":[{"href":"https:\/\/www.caririemacao.com\/1\/wp-json\/wp\/v2\/posts"}],"about":[{"href":"https:\/\/www.caririemacao.com\/1\/wp-json\/wp\/v2\/types\/post"}],"author":[{"embeddable":true,"href":"https:\/\/www.caririemacao.com\/1\/wp-json\/wp\/v2\/users\/6"}],"replies":[{"embeddable":true,"href":"https:\/\/www.caririemacao.com\/1\/wp-json\/wp\/v2\/comments?post=199472"}],"version-history":[{"count":1,"href":"https:\/\/www.caririemacao.com\/1\/wp-json\/wp\/v2\/posts\/199472\/revisions"}],"predecessor-version":[{"id":199474,"href":"https:\/\/www.caririemacao.com\/1\/wp-json\/wp\/v2\/posts\/199472\/revisions\/199474"}],"wp:featuredmedia":[{"embeddable":true,"href":"https:\/\/www.caririemacao.com\/1\/wp-json\/wp\/v2\/media\/199473"}],"wp:attachment":[{"href":"https:\/\/www.caririemacao.com\/1\/wp-json\/wp\/v2\/media?parent=199472"}],"wp:term":[{"taxonomy":"category","embeddable":true,"href":"https:\/\/www.caririemacao.com\/1\/wp-json\/wp\/v2\/categories?post=199472"},{"taxonomy":"post_tag","embeddable":true,"href":"https:\/\/www.caririemacao.com\/1\/wp-json\/wp\/v2\/tags?post=199472"}],"curies":[{"name":"wp","href":"https:\/\/api.w.org\/{rel}","templated":true}]}}