{"id":200198,"date":"2020-12-26T11:00:47","date_gmt":"2020-12-26T14:00:47","guid":{"rendered":"https:\/\/www.caririemacao.com\/1\/?p=200198"},"modified":"2020-12-26T11:00:49","modified_gmt":"2020-12-26T14:00:49","slug":"criminosos-tentam-assaltar-comerciantes-que-vinham-para-feira-de-gado-em-monteiro","status":"publish","type":"post","link":"https:\/\/www.caririemacao.com\/1\/2020\/12\/26\/criminosos-tentam-assaltar-comerciantes-que-vinham-para-feira-de-gado-em-monteiro\/","title":{"rendered":"Criminosos tentam assaltar comerciantes que vinham para Feira de Gado em Monteiro"},"content":{"rendered":"\n<p class=\"wp-block-paragraph\">Cinco&nbsp; homens armados e encapuzados tentaram assaltar comerciantes que estavam trazendo animais para Feira de Gado em Monteiro na manh\u00e3 deste s\u00e1bado (26).<\/p>\n\n\n\n<p class=\"wp-block-paragraph\">De acordo com informa\u00e7\u00f5es, eles estavam na estrada do S\u00edtio Garapa, tentando parar os ve\u00edculos que passavam pelo local. Os individuos ainda conseguiram roubar uma motocileta, de placa, cor e modelo ainda n\u00e3o informadas.<\/p>\n\n\n\n<p class=\"wp-block-paragraph\">A Policia Militar foi acionada e realiza dilig\u00eancias no sentido de prender os elementos, que estavam numa motocileta cor preta.<\/p>\n\n\n\n<p class=\"wp-block-paragraph\">Com R\u00e1dio Cidade Sum\u00e9<\/p>\n","protected":false},"excerpt":{"rendered":"<p>Cinco&nbsp; homens armados e encapuzados tentaram assaltar comerciantes que estavam trazendo animais para Feira de Gado em Monteiro na manh\u00e3 deste s\u00e1bado (26). De acordo com informa\u00e7\u00f5es, eles estavam na estrada do S\u00edtio Garapa, tentando parar os ve\u00edculos que passavam pelo local. Os individuos ainda conseguiram roubar uma motocileta, de placa, cor e modelo ainda n\u00e3o informadas. A Policia Militar foi acionada e realiza dilig\u00eancias no sentido de prender os elementos, que estavam numa motocileta cor preta. Com R\u00e1dio Cidade Sum\u00e9<\/p>\n","protected":false},"author":6,"featured_media":200204,"comment_status":"closed","ping_status":"closed","sticky":false,"template":"","format":"standard","meta":{"sfsi_plus_gutenberg_text_before_share":"","sfsi_plus_gutenberg_show_text_before_share":"","sfsi_plus_gutenberg_icon_type":"","sfsi_plus_gutenberg_icon_alignemt":"","sfsi_plus_gutenburg_max_per_row":"","footnotes":""},"categories":[50,81,12],"tags":[],"class_list":["post-200198","post","type-post","status-publish","format-standard","has-post-thumbnail","hentry","category-destaque","category-monteiro","category-policia"],"_links":{"self":[{"href":"https:\/\/www.caririemacao.com\/1\/wp-json\/wp\/v2\/posts\/200198","targetHints":{"allow":["GET"]}}],"collection":[{"href":"https:\/\/www.caririemacao.com\/1\/wp-json\/wp\/v2\/posts"}],"about":[{"href":"https:\/\/www.caririemacao.com\/1\/wp-json\/wp\/v2\/types\/post"}],"author":[{"embeddable":true,"href":"https:\/\/www.caririemacao.com\/1\/wp-json\/wp\/v2\/users\/6"}],"replies":[{"embeddable":true,"href":"https:\/\/www.caririemacao.com\/1\/wp-json\/wp\/v2\/comments?post=200198"}],"version-history":[{"count":1,"href":"https:\/\/www.caririemacao.com\/1\/wp-json\/wp\/v2\/posts\/200198\/revisions"}],"predecessor-version":[{"id":200200,"href":"https:\/\/www.caririemacao.com\/1\/wp-json\/wp\/v2\/posts\/200198\/revisions\/200200"}],"wp:featuredmedia":[{"embeddable":true,"href":"https:\/\/www.caririemacao.com\/1\/wp-json\/wp\/v2\/media\/200204"}],"wp:attachment":[{"href":"https:\/\/www.caririemacao.com\/1\/wp-json\/wp\/v2\/media?parent=200198"}],"wp:term":[{"taxonomy":"category","embeddable":true,"href":"https:\/\/www.caririemacao.com\/1\/wp-json\/wp\/v2\/categories?post=200198"},{"taxonomy":"post_tag","embeddable":true,"href":"https:\/\/www.caririemacao.com\/1\/wp-json\/wp\/v2\/tags?post=200198"}],"curies":[{"name":"wp","href":"https:\/\/api.w.org\/{rel}","templated":true}]}}