{"id":200226,"date":"2020-12-26T13:09:42","date_gmt":"2020-12-26T16:09:42","guid":{"rendered":"https:\/\/www.caririemacao.com\/1\/?p=200226"},"modified":"2020-12-26T13:10:59","modified_gmt":"2020-12-26T16:10:59","slug":"200226","status":"publish","type":"post","link":"https:\/\/www.caririemacao.com\/1\/2020\/12\/26\/200226\/","title":{"rendered":"M\u00e1rcio Leite participa de reuni\u00e3o com a secret\u00e1ria Nacional da Juventude"},"content":{"rendered":"\n<p class=\"wp-block-paragraph\">O futuro prefeito eleito de S\u00e3o Jo\u00e3o do Tigre, M\u00e1rcio Leite, esteve participando de uma reuni\u00e3o com a secret\u00e1ria nacional de juventude, Emilly Coelho.<\/p>\n\n\n\n<p class=\"wp-block-paragraph\">A reuni\u00e3o foi realizada na cidade de S\u00e3o Sebasti\u00e3o do Umbuzeiro na manh\u00e3 deste s\u00e1bado, dia 26.<\/p>\n\n\n\n<p class=\"wp-block-paragraph\">Na ocasi\u00e3o, v\u00e1rios  gestores da regi\u00e3o do Cariri Paraibano estiverem presentes.<\/p>\n\n\n\n<p class=\"wp-block-paragraph\">Na oportunidade, M\u00e1rcio Leite destacou o esfor\u00e7o que a atual gest\u00e3o vem fazendo para implementar as politicas p\u00fablicas para os jovens tigrenses.<\/p>\n\n\n\n<p class=\"wp-block-paragraph\">&#8220;Iremos realizar uma semana para a Juventude objetivando ouvir nossos jovens no sentido que eles contribuam com nossa gest\u00e3o. Iremos tamb\u00e9m incentivar a forma\u00e7\u00e3o de jovens tigrenses no curso de medicina. Vamos custear uma bolsa de estudo para jovens se formarem medicina. Essa \u00e9 uma forma de incentivar nossos jovens em nosso munic\u00edpio&#8221;, finalizou M\u00e1rcio.<\/p>\n","protected":false},"excerpt":{"rendered":"<p>O futuro prefeito eleito de S\u00e3o Jo\u00e3o do Tigre, M\u00e1rcio Leite, esteve participando de uma reuni\u00e3o com a secret\u00e1ria nacional de juventude, Emilly Coelho. A reuni\u00e3o foi realizada na cidade de S\u00e3o Sebasti\u00e3o do Umbuzeiro na manh\u00e3 deste s\u00e1bado, dia 26. Na ocasi\u00e3o, v\u00e1rios gestores da regi\u00e3o do Cariri Paraibano estiverem presentes. Na oportunidade, M\u00e1rcio Leite destacou o esfor\u00e7o que a atual gest\u00e3o vem fazendo para implementar as politicas p\u00fablicas para os jovens tigrenses. &#8220;Iremos realizar uma semana para a Juventude objetivando ouvir nossos jovens no sentido que eles contribuam com nossa gest\u00e3o. Iremos tamb\u00e9m incentivar a forma\u00e7\u00e3o de jovens tigrenses no curso de medicina. Vamos custear uma bolsa de estudo para jovens se formarem medicina. Essa \u00e9 uma forma de incentivar nossos jovens em nosso munic\u00edpio&#8221;, finalizou M\u00e1rcio.<\/p>\n","protected":false},"author":6,"featured_media":200227,"comment_status":"closed","ping_status":"closed","sticky":false,"template":"","format":"standard","meta":{"sfsi_plus_gutenberg_text_before_share":"","sfsi_plus_gutenberg_show_text_before_share":"","sfsi_plus_gutenberg_icon_type":"","sfsi_plus_gutenberg_icon_alignemt":"","sfsi_plus_gutenburg_max_per_row":"","footnotes":""},"categories":[6,50,89],"tags":[],"class_list":["post-200226","post","type-post","status-publish","format-standard","has-post-thumbnail","hentry","category-cidades","category-destaque","category-sao-joao-do-tigre"],"_links":{"self":[{"href":"https:\/\/www.caririemacao.com\/1\/wp-json\/wp\/v2\/posts\/200226","targetHints":{"allow":["GET"]}}],"collection":[{"href":"https:\/\/www.caririemacao.com\/1\/wp-json\/wp\/v2\/posts"}],"about":[{"href":"https:\/\/www.caririemacao.com\/1\/wp-json\/wp\/v2\/types\/post"}],"author":[{"embeddable":true,"href":"https:\/\/www.caririemacao.com\/1\/wp-json\/wp\/v2\/users\/6"}],"replies":[{"embeddable":true,"href":"https:\/\/www.caririemacao.com\/1\/wp-json\/wp\/v2\/comments?post=200226"}],"version-history":[{"count":2,"href":"https:\/\/www.caririemacao.com\/1\/wp-json\/wp\/v2\/posts\/200226\/revisions"}],"predecessor-version":[{"id":200229,"href":"https:\/\/www.caririemacao.com\/1\/wp-json\/wp\/v2\/posts\/200226\/revisions\/200229"}],"wp:featuredmedia":[{"embeddable":true,"href":"https:\/\/www.caririemacao.com\/1\/wp-json\/wp\/v2\/media\/200227"}],"wp:attachment":[{"href":"https:\/\/www.caririemacao.com\/1\/wp-json\/wp\/v2\/media?parent=200226"}],"wp:term":[{"taxonomy":"category","embeddable":true,"href":"https:\/\/www.caririemacao.com\/1\/wp-json\/wp\/v2\/categories?post=200226"},{"taxonomy":"post_tag","embeddable":true,"href":"https:\/\/www.caririemacao.com\/1\/wp-json\/wp\/v2\/tags?post=200226"}],"curies":[{"name":"wp","href":"https:\/\/api.w.org\/{rel}","templated":true}]}}