{"id":200384,"date":"2020-12-28T15:08:56","date_gmt":"2020-12-28T18:08:56","guid":{"rendered":"https:\/\/www.caririemacao.com\/1\/?p=200384"},"modified":"2020-12-28T15:08:57","modified_gmt":"2020-12-28T18:08:57","slug":"sindicato-cancela-confraternizacao-e-usa-dinheiro-para-ajudar-familias-carentes-e-entidades-sociais","status":"publish","type":"post","link":"https:\/\/www.caririemacao.com\/1\/2020\/12\/28\/sindicato-cancela-confraternizacao-e-usa-dinheiro-para-ajudar-familias-carentes-e-entidades-sociais\/","title":{"rendered":"Sindicato cancela confraterniza\u00e7\u00e3o e usa dinheiro para ajudar fam\u00edlias carentes e entidades sociais"},"content":{"rendered":"\n<p class=\"wp-block-paragraph\">O Sindicato dos Banc\u00e1rios de Patos e Regi\u00e3o cancelou a sua tradicional confraterniza\u00e7\u00e3o de final de ano com os seus associados. O evento reunia dezenas de banc\u00e1rios e por decis\u00e3o da diretoria, diante da pandemia do novo coronav\u00edrus, COVID \u2013 19, teve sua festa de 2.020 sem ser realizada.<\/p>\n\n\n\n<figure class=\"wp-block-image\"><img decoding=\"async\" src=\"https:\/\/www.patosonline.com\/wp-content\/uploads\/2020\/12\/Bancarios-2.jpg\" alt=\"\" class=\"wp-image-83370\"\/><\/figure>\n\n\n\n<p class=\"wp-block-paragraph\">Neste domingo, dia 27, membros da diretoria reverteram todos os recursos que seriam gastos na festa para a compra de cestas b\u00e1sicas. Os mantimentos foram entregues no Lar dos Idosos no Bairro S\u00e3o Sebasti\u00e3o, ao Lar dos Velhinhos no Bairro Monte Castelo, a Casa de Miseric\u00f3rdia, Casa de Apoio ao Portador do C\u00e2ncer e tamb\u00e9m para fam\u00edlias carentes do lix\u00e3o do Munic\u00edpio de Patos.<\/p>\n\n\n\n<figure class=\"wp-block-image\"><img decoding=\"async\" src=\"https:\/\/www.patosonline.com\/wp-content\/uploads\/2020\/12\/Bancarios-1-1.jpg\" alt=\"\" class=\"wp-image-83375\"\/><\/figure>\n\n\n\n<p class=\"wp-block-paragraph\">Para Cleodon Bezerra, vice-presidente do Sindicato dos Banc\u00e1rios, a a\u00e7\u00e3o foi apoiada pela presidente e logo recebeu o apoio dos demais membros da entidade classista. Cleodon disse que espera que o exemplo sirva para que outras entidades fa\u00e7am o mesmo.<\/p>\n\n\n\n<p class=\"wp-block-paragraph\">\u201c\u2026essa a\u00e7\u00e3o mostra a responsabilidade social do sindicato que n\u00e3o tem apenas olhos para os direitos dos banc\u00e1rios, mas tem tamb\u00e9m uma vis\u00e3o social mais ampla. A palavra de 2.020 tem que ser empatia\u2026\u201d, relatou Cleodon.<\/p>\n","protected":false},"excerpt":{"rendered":"<p>O Sindicato dos Banc\u00e1rios de Patos e Regi\u00e3o cancelou a sua tradicional confraterniza\u00e7\u00e3o de final de ano com os seus associados. O evento reunia dezenas de banc\u00e1rios e por decis\u00e3o da diretoria, diante da pandemia do novo coronav\u00edrus, COVID \u2013 19, teve sua festa de 2.020 sem ser realizada. Neste domingo, dia 27, membros da diretoria reverteram todos os recursos que seriam gastos na festa para a compra de cestas b\u00e1sicas. Os mantimentos foram entregues no Lar dos Idosos no Bairro S\u00e3o Sebasti\u00e3o, ao Lar dos Velhinhos no Bairro Monte Castelo, a Casa de Miseric\u00f3rdia, Casa de Apoio ao Portador do C\u00e2ncer e tamb\u00e9m para fam\u00edlias carentes do lix\u00e3o do Munic\u00edpio de Patos. Para Cleodon Bezerra, vice-presidente do Sindicato dos Banc\u00e1rios, a a\u00e7\u00e3o foi apoiada pela presidente e logo recebeu o apoio dos demais membros da entidade classista. Cleodon disse que espera que o exemplo sirva para que outras entidades fa\u00e7am o mesmo. \u201c\u2026essa a\u00e7\u00e3o mostra a responsabilidade social do sindicato que n\u00e3o tem apenas olhos para os direitos dos banc\u00e1rios, mas tem tamb\u00e9m uma vis\u00e3o social mais ampla. A palavra de 2.020 tem que ser empatia\u2026\u201d, relatou Cleodon.<\/p>\n","protected":false},"author":6,"featured_media":200385,"comment_status":"closed","ping_status":"closed","sticky":false,"template":"","format":"standard","meta":{"sfsi_plus_gutenberg_text_before_share":"","sfsi_plus_gutenberg_show_text_before_share":"","sfsi_plus_gutenberg_icon_type":"","sfsi_plus_gutenberg_icon_alignemt":"","sfsi_plus_gutenburg_max_per_row":"","footnotes":""},"categories":[6,50],"tags":[],"class_list":["post-200384","post","type-post","status-publish","format-standard","has-post-thumbnail","hentry","category-cidades","category-destaque"],"_links":{"self":[{"href":"https:\/\/www.caririemacao.com\/1\/wp-json\/wp\/v2\/posts\/200384","targetHints":{"allow":["GET"]}}],"collection":[{"href":"https:\/\/www.caririemacao.com\/1\/wp-json\/wp\/v2\/posts"}],"about":[{"href":"https:\/\/www.caririemacao.com\/1\/wp-json\/wp\/v2\/types\/post"}],"author":[{"embeddable":true,"href":"https:\/\/www.caririemacao.com\/1\/wp-json\/wp\/v2\/users\/6"}],"replies":[{"embeddable":true,"href":"https:\/\/www.caririemacao.com\/1\/wp-json\/wp\/v2\/comments?post=200384"}],"version-history":[{"count":1,"href":"https:\/\/www.caririemacao.com\/1\/wp-json\/wp\/v2\/posts\/200384\/revisions"}],"predecessor-version":[{"id":200386,"href":"https:\/\/www.caririemacao.com\/1\/wp-json\/wp\/v2\/posts\/200384\/revisions\/200386"}],"wp:featuredmedia":[{"embeddable":true,"href":"https:\/\/www.caririemacao.com\/1\/wp-json\/wp\/v2\/media\/200385"}],"wp:attachment":[{"href":"https:\/\/www.caririemacao.com\/1\/wp-json\/wp\/v2\/media?parent=200384"}],"wp:term":[{"taxonomy":"category","embeddable":true,"href":"https:\/\/www.caririemacao.com\/1\/wp-json\/wp\/v2\/categories?post=200384"},{"taxonomy":"post_tag","embeddable":true,"href":"https:\/\/www.caririemacao.com\/1\/wp-json\/wp\/v2\/tags?post=200384"}],"curies":[{"name":"wp","href":"https:\/\/api.w.org\/{rel}","templated":true}]}}