{"id":200406,"date":"2020-12-28T15:26:54","date_gmt":"2020-12-28T18:26:54","guid":{"rendered":"https:\/\/www.caririemacao.com\/1\/?p=200406"},"modified":"2020-12-28T15:26:56","modified_gmt":"2020-12-28T18:26:56","slug":"bolsonaro-da-informacao-falsa-sobre-eleicao-na-camara-em-nova-defesa-do-voto-impresso","status":"publish","type":"post","link":"https:\/\/www.caririemacao.com\/1\/2020\/12\/28\/bolsonaro-da-informacao-falsa-sobre-eleicao-na-camara-em-nova-defesa-do-voto-impresso\/","title":{"rendered":"Bolsonaro d\u00e1 informa\u00e7\u00e3o falsa sobre elei\u00e7\u00e3o na C\u00e2mara em nova defesa do voto impresso"},"content":{"rendered":"\n<p class=\"wp-block-paragraph\">Numa nova defesa do voto impresso, o presidente Jair Bolsonaro (sem partido) disse que as elei\u00e7\u00f5es para a presid\u00eancia da C\u00e2mara dos Deputados ocorrem pelo voto impresso, quando na verdade o processo de escolha \u00e9 eletr\u00f4nico desde 2007.<\/p>\n\n\n\n<p class=\"wp-block-paragraph\">&#8220;O que \u00e9 comum na C\u00e2mara, n\u00e3o sei como est\u00e1 agora. As elei\u00e7\u00f5es na Mesa [Diretora], para presidente, \u00e9 no papelzinho. N\u00e3o sei como vai ser esta agora&#8221;, disse o presidente nesta segunda-feira (28), ao receber um grupo de apoiadores no Pal\u00e1cio da Alvorada em Bras\u00edlia. As declara\u00e7\u00f5es de Bolsonaro foram transmitidas por um site bolsonarista.<\/p>\n\n\n\n<p class=\"wp-block-paragraph\">Apesar da afirma\u00e7\u00e3o de Bolsonaro, as elei\u00e7\u00f5es para a presid\u00eancia da C\u00e2mara e para os demais cargos de comando da Casa ocorrem de forma eletr\u00f4nica h\u00e1 mais de uma d\u00e9cada, sendo que o pr\u00f3prio presidente -\u00e0 \u00e9poca deputado federal- foi candidato em algumas ocasi\u00f5es.<\/p>\n\n\n\n<p class=\"wp-block-paragraph\">O sistema eletr\u00f4nico para a escolha dos postos de chefia na C\u00e2mara foi institu\u00eddo por uma resolu\u00e7\u00e3o de 2006. Dessa forma, a primeira vez que ele foi usado foi no ano seguinte, quando os deputados elegeram o petista Arlindo Chinaglia (SP) para liderar a Casa naquele bi\u00eanio.<\/p>\n\n\n\n<p class=\"wp-block-paragraph\">A justificativa para a ado\u00e7\u00e3o da vota\u00e7\u00e3o eletr\u00f4nica foi justamente o tumulto e longa espera registrados nas elei\u00e7\u00f5es em papel.<\/p>\n\n\n\n<p class=\"wp-block-paragraph\">O requerimento propondo a mudan\u00e7a foi apresentado em 2003.<\/p>\n\n\n\n<p class=\"wp-block-paragraph\">&#8220;Na recente elei\u00e7\u00e3o para a Mesa Diretora da C\u00e2mara dos Deputados verificou-se, al\u00e9m do tumulto no processamento eleitoral, um enorme lapso de tempo \u2014 mais de duas horas \u2014 entre a constitui\u00e7\u00e3o da Mesa apuradora, a constrangedora fila indiana e a apura\u00e7\u00e3o&#8221;, escreveu o ex-presidente da C\u00e2mara Jo\u00e3o Paulo Cunha (PT-SP).<\/p>\n\n\n\n<p class=\"wp-block-paragraph\">&#8220;Esse sistema de vota\u00e7\u00e3o por c\u00e9dula, escrut\u00ednio secreto e contagem manual dos votos \u00e9 superado, porque arcaico, quando a pr\u00f3pria Casa disp\u00f5e de sofisticado sistema eletr\u00f4nico que poder\u00e1 ser adaptado a qualquer tipo de elei\u00e7\u00e3o&#8221;, prosseguiu.<\/p>\n\n\n\n<p class=\"wp-block-paragraph\">As regras atuais da C\u00e2mara estabelecem que a escolha do presidente da Casa ocorrer\u00e1 por c\u00e9dula apenas na hip\u00f3tese de falha do sistema eletr\u00f4nico.<\/p>\n\n\n\n<p class=\"wp-block-paragraph\">Desde a elei\u00e7\u00e3o de Chinaglia em 2007, houve sete processos de escolha de presidente da casa legislativa.<\/p>\n\n\n\n<p class=\"wp-block-paragraph\">O pr\u00f3prio presidente Bolsonaro foi candidato em 2011 (recebeu nove votos) e 2017 (4 votos).<\/p>\n\n\n\n<p class=\"wp-block-paragraph\">Na conversa com apoiadores nesta segunda, Bolsonaro deu a informa\u00e7\u00e3o falsa para advogar novamente pela ado\u00e7\u00e3o do voto impresso no Brasil.<\/p>\n\n\n\n<p class=\"wp-block-paragraph\">Ele disse esperar que, ap\u00f3s a elei\u00e7\u00e3o para os comandos da C\u00e2mara e do Senado, seja aprovada uma PEC (Proposta de Emenda \u00e0 Constitui\u00e7\u00e3o) de autoria da deputada Bia Kicis (PSL-DF).<\/p>\n\n\n\n<p class=\"wp-block-paragraph\">A proposi\u00e7\u00e3o da parlamentar insere um par\u00e1grafo no artigo 14 da Constitui\u00e7\u00e3o para determinar que, na vota\u00e7\u00e3o e apura\u00e7\u00e3o de elei\u00e7\u00f5es, plebiscitos e referendos, seja obrigat\u00f3ria a expedi\u00e7\u00e3o de c\u00e9dulas f\u00edsicas, confer\u00edveis pelo eleitor, &#8220;a serem depositadas em urnas indevass\u00e1veis, para fins de auditoria&#8221;.<\/p>\n\n\n\n<p class=\"wp-block-paragraph\">&#8220;Acabando as elei\u00e7\u00f5es [no Legislativo], tem uma PEC da Bia Kicis. E a gente conversar com os dois presidentes para levar avante essa PEC, para ver se a gente aprova o voto impresso. E se aprovar vai ser voto impresso em 2022&#8221;, declarou Bolsonaro.<\/p>\n\n\n\n<p class=\"wp-block-paragraph\">Ele tamb\u00e9m defendeu a elei\u00e7\u00e3o de Arthur Lira (PP-AL) para o comando da C\u00e2mara e criticou a alian\u00e7a feita por Rodrigo Maia (DEM-RJ) com partidos da oposi\u00e7\u00e3o para tentar eleger seu sucessor.<\/p>\n\n\n\n<p class=\"wp-block-paragraph\">&#8220;Teremos elei\u00e7\u00f5es agora [para a presid\u00eancia da C\u00e2mara]. Uma das chapas \u00e9 Rodrigo Maia, PT, PCdoB e PSOL. E tem outra chapa [de Lira], eu estou nessa outra. N\u00e3o vou nem discutir: quem est\u00e1 do lado de PT, PCdoB, PSOL e Rodrigo Maia eu estou do outro lado&#8221;, concluiu Bolsonaro.<\/p>\n\n\n\n<p class=\"wp-block-paragraph\">ClickPB<\/p>\n","protected":false},"excerpt":{"rendered":"<p>Numa nova defesa do voto impresso, o presidente Jair Bolsonaro (sem partido) disse que as elei\u00e7\u00f5es para a presid\u00eancia da C\u00e2mara dos Deputados ocorrem pelo voto impresso, quando na verdade o processo de escolha \u00e9 eletr\u00f4nico desde 2007. &#8220;O que \u00e9 comum na C\u00e2mara, n\u00e3o sei como est\u00e1 agora. As elei\u00e7\u00f5es na Mesa [Diretora], para presidente, \u00e9 no papelzinho. N\u00e3o sei como vai ser esta agora&#8221;, disse o presidente nesta segunda-feira (28), ao receber um grupo de apoiadores no Pal\u00e1cio da Alvorada em Bras\u00edlia. As declara\u00e7\u00f5es de Bolsonaro foram transmitidas por um site bolsonarista. Apesar da afirma\u00e7\u00e3o de Bolsonaro, as elei\u00e7\u00f5es para a presid\u00eancia da C\u00e2mara e para os demais cargos de comando da Casa ocorrem de forma eletr\u00f4nica h\u00e1 mais de uma d\u00e9cada, sendo que o pr\u00f3prio presidente -\u00e0 \u00e9poca deputado federal- foi candidato em algumas ocasi\u00f5es. O sistema eletr\u00f4nico para a escolha dos postos de chefia na C\u00e2mara foi institu\u00eddo por uma resolu\u00e7\u00e3o de 2006. Dessa forma, a primeira vez que ele foi usado foi no ano seguinte, quando os deputados elegeram o petista Arlindo Chinaglia (SP) para liderar a Casa naquele bi\u00eanio. A justificativa para a ado\u00e7\u00e3o da vota\u00e7\u00e3o eletr\u00f4nica foi justamente o tumulto e longa espera registrados nas elei\u00e7\u00f5es em papel. O requerimento propondo a mudan\u00e7a foi apresentado em 2003. &#8220;Na recente elei\u00e7\u00e3o para a Mesa Diretora da C\u00e2mara dos Deputados verificou-se, al\u00e9m do tumulto no processamento eleitoral, um enorme lapso de tempo \u2014 mais de duas horas \u2014 entre a constitui\u00e7\u00e3o da Mesa apuradora, a constrangedora fila indiana e a apura\u00e7\u00e3o&#8221;, escreveu o ex-presidente da C\u00e2mara Jo\u00e3o Paulo Cunha (PT-SP). &#8220;Esse sistema de vota\u00e7\u00e3o por c\u00e9dula, escrut\u00ednio secreto e contagem manual dos votos \u00e9 superado, porque arcaico, quando a pr\u00f3pria Casa disp\u00f5e de sofisticado sistema eletr\u00f4nico que poder\u00e1 ser adaptado a qualquer tipo de elei\u00e7\u00e3o&#8221;, prosseguiu. As regras atuais da C\u00e2mara estabelecem que a escolha do presidente da Casa ocorrer\u00e1 por c\u00e9dula apenas na hip\u00f3tese de falha do sistema eletr\u00f4nico. Desde a elei\u00e7\u00e3o de Chinaglia em 2007, houve sete processos de escolha de presidente da casa legislativa. O pr\u00f3prio presidente Bolsonaro foi candidato em 2011 (recebeu nove votos) e 2017 (4 votos). Na conversa com apoiadores nesta segunda, Bolsonaro deu a informa\u00e7\u00e3o falsa para advogar novamente pela ado\u00e7\u00e3o do voto impresso no Brasil. Ele disse esperar que, ap\u00f3s a elei\u00e7\u00e3o para os comandos da C\u00e2mara e do Senado, seja aprovada uma PEC (Proposta de Emenda \u00e0 Constitui\u00e7\u00e3o) de autoria da deputada Bia Kicis (PSL-DF). A proposi\u00e7\u00e3o da parlamentar insere um par\u00e1grafo no artigo 14 da Constitui\u00e7\u00e3o para determinar que, na vota\u00e7\u00e3o e apura\u00e7\u00e3o de elei\u00e7\u00f5es, plebiscitos e referendos, seja obrigat\u00f3ria a expedi\u00e7\u00e3o de c\u00e9dulas f\u00edsicas, confer\u00edveis pelo eleitor, &#8220;a serem depositadas em urnas indevass\u00e1veis, para fins de auditoria&#8221;. &#8220;Acabando as elei\u00e7\u00f5es [no Legislativo], tem uma PEC da Bia Kicis. E a gente conversar com os dois presidentes para levar avante essa PEC, para ver se a gente aprova o voto impresso. E se aprovar vai ser voto impresso em 2022&#8221;, declarou Bolsonaro. Ele tamb\u00e9m defendeu a elei\u00e7\u00e3o de Arthur Lira (PP-AL) para o comando da C\u00e2mara e criticou a alian\u00e7a feita por Rodrigo Maia (DEM-RJ) com partidos da oposi\u00e7\u00e3o para tentar eleger seu sucessor. &#8220;Teremos elei\u00e7\u00f5es agora [para a presid\u00eancia da C\u00e2mara]. Uma das chapas \u00e9 Rodrigo Maia, PT, PCdoB e PSOL. E tem outra chapa [de Lira], eu estou nessa outra. N\u00e3o vou nem discutir: quem est\u00e1 do lado de PT, PCdoB, PSOL e Rodrigo Maia eu estou do outro lado&#8221;, concluiu Bolsonaro. ClickPB<\/p>\n","protected":false},"author":6,"featured_media":200407,"comment_status":"closed","ping_status":"closed","sticky":false,"template":"","format":"standard","meta":{"sfsi_plus_gutenberg_text_before_share":"","sfsi_plus_gutenberg_show_text_before_share":"","sfsi_plus_gutenberg_icon_type":"","sfsi_plus_gutenberg_icon_alignemt":"","sfsi_plus_gutenburg_max_per_row":"","footnotes":""},"categories":[50,98],"tags":[],"class_list":["post-200406","post","type-post","status-publish","format-standard","has-post-thumbnail","hentry","category-destaque","category-presidente"],"_links":{"self":[{"href":"https:\/\/www.caririemacao.com\/1\/wp-json\/wp\/v2\/posts\/200406","targetHints":{"allow":["GET"]}}],"collection":[{"href":"https:\/\/www.caririemacao.com\/1\/wp-json\/wp\/v2\/posts"}],"about":[{"href":"https:\/\/www.caririemacao.com\/1\/wp-json\/wp\/v2\/types\/post"}],"author":[{"embeddable":true,"href":"https:\/\/www.caririemacao.com\/1\/wp-json\/wp\/v2\/users\/6"}],"replies":[{"embeddable":true,"href":"https:\/\/www.caririemacao.com\/1\/wp-json\/wp\/v2\/comments?post=200406"}],"version-history":[{"count":1,"href":"https:\/\/www.caririemacao.com\/1\/wp-json\/wp\/v2\/posts\/200406\/revisions"}],"predecessor-version":[{"id":200408,"href":"https:\/\/www.caririemacao.com\/1\/wp-json\/wp\/v2\/posts\/200406\/revisions\/200408"}],"wp:featuredmedia":[{"embeddable":true,"href":"https:\/\/www.caririemacao.com\/1\/wp-json\/wp\/v2\/media\/200407"}],"wp:attachment":[{"href":"https:\/\/www.caririemacao.com\/1\/wp-json\/wp\/v2\/media?parent=200406"}],"wp:term":[{"taxonomy":"category","embeddable":true,"href":"https:\/\/www.caririemacao.com\/1\/wp-json\/wp\/v2\/categories?post=200406"},{"taxonomy":"post_tag","embeddable":true,"href":"https:\/\/www.caririemacao.com\/1\/wp-json\/wp\/v2\/tags?post=200406"}],"curies":[{"name":"wp","href":"https:\/\/api.w.org\/{rel}","templated":true}]}}