{"id":200492,"date":"2020-12-29T07:05:13","date_gmt":"2020-12-29T10:05:13","guid":{"rendered":"https:\/\/www.caririemacao.com\/1\/?p=200492"},"modified":"2020-12-29T07:05:16","modified_gmt":"2020-12-29T10:05:16","slug":"pagamentos-do-auxilio-emergencial-chegam-ao-fim-nesta-terca-feira","status":"publish","type":"post","link":"https:\/\/www.caririemacao.com\/1\/2020\/12\/29\/pagamentos-do-auxilio-emergencial-chegam-ao-fim-nesta-terca-feira\/","title":{"rendered":"Pagamentos do Aux\u00edlio Emergencial chegam ao fim nesta ter\u00e7a-feira"},"content":{"rendered":"\n<p class=\"wp-block-paragraph\">A Caixa Econ\u00f4mica Federal (CEF) paga nesta ter\u00e7a-feira (29) a \u00faltima parcela do Aux\u00edlio Emergencial a 3,2 milh\u00f5es de pessoas &#8211; e, com isso, encerra o calend\u00e1rio de pagamentos do programa lan\u00e7ado em abril deste ano para apoiar trabalhadores aut\u00f4nomos e desempregados afetados pela pandemia, e que socorreu um total de 68 milh\u00f5es de brasileiros.<\/p>\n\n\n\n<p class=\"wp-block-paragraph\">O ciclo de pagamentos chega ao fim e at\u00e9 o momento n\u00e3o h\u00e1 qualquer nenhuma indica\u00e7\u00e3o de que haver\u00e1 um novo aux\u00edlio em 2021 ou lan\u00e7amento de um novo programa social ou substituto do Bolsa Fam\u00edlia.<\/p>\n\n\n\n<p class=\"wp-block-paragraph\">De acordo com o Minist\u00e9rio da Cidadania, em 2021, s\u00f3 ser\u00e3o efetuados pagamentos resultantes de contesta\u00e7\u00f5es administrativas e extrajudiciais e de decis\u00f5es judiciais.<\/p>\n\n\n\n<p class=\"wp-block-paragraph\">Parlamentares seguem defendendo a prorroga\u00e7\u00e3o do aux\u00edlio por dois ou tr\u00eas meses em 2021, por meio da amplia\u00e7\u00e3o do estado de calamidade p\u00fablica, mas o ministro da Economia, Paulo Guedes, tem reafirmado que o programa ir\u00e1 acabar no final de 2020.<\/p>\n\n\n\n<p class=\"wp-block-paragraph\"><strong>\u00daltimo lote de pagamentos<\/strong><\/p>\n\n\n\n<p class=\"wp-block-paragraph\">Recebem nesta ter\u00e7a os trabalhadores nascidos em dezembro, que n\u00e3o fazem parte do Bolsa Fam\u00edlia: 3,2 milh\u00f5es v\u00e3o receber uma parcela do Aux\u00edlio Emergencial extens\u00e3o, de R$ 300; enquanto outros cerca de 50,3 mil mil ainda v\u00e3o receber parcela de R$ 600.<\/p>\n\n\n\n<p class=\"wp-block-paragraph\">Para os trabalhadores do Bolsa Fam\u00edlia, os pagamentos da \u00faltima parcela do aux\u00edlio emergencial se encerraram em 23 de dezembro. A partir de janeiro, esse p\u00fablico volta a receber o bolsa.<\/p>\n\n\n\n<p class=\"wp-block-paragraph\"><strong>VEJA QUEM RECEBE NESTA TER\u00c7A:<\/strong><\/p>\n\n\n\n<p class=\"wp-block-paragraph\">Cerca de 50,3 mil trabalhadores do Cadastro \u00danico e inscritos via site e app, nascidos em dezembro:<\/p>\n\n\n\n<p class=\"wp-block-paragraph\">&#8211; aprovados que receberam 4 parcelas recebem a \u00faltima parcela de R$ 600<br>&#8211; aprovados que receberam de 1 a 3 parcelas recebem parcelas de R$ 600 restantes at\u00e9 a 5\u00aa<\/p>\n\n\n\n<p class=\"wp-block-paragraph\">3,2 milh\u00f5es de trabalhadores do Cadastro \u00danico e inscritos via site e app, nascidos em dezembro:<\/p>\n\n\n\n<p class=\"wp-block-paragraph\">&#8211; aprovados que j\u00e1 receberam todas as parcelas de R$ 600 (e qualquer n\u00famero de parcelas de R$ 300) recebem a \u00faltima parcela de R$ 300<\/p>\n\n\n\n<p class=\"wp-block-paragraph\">A ajuda paga nesta ter\u00e7a ser\u00e1 creditada em conta poupan\u00e7a social digital da Caixa, que poder\u00e1 ser usada inicialmente para pagamento de contas e compras por meio do cart\u00e3o virtual. Saques e transfer\u00eancias para quem receber o cr\u00e9dito nesta segunda ser\u00e3o liberados no dia 27 de janeiro.<\/p>\n\n\n\n<p class=\"wp-block-paragraph\">Vale lembrar que, ao longo de janeiro, prossegue apenas o calend\u00e1rio de libera\u00e7\u00e3o de saques em dinheiro e transfer\u00eancias banc\u00e1rias para os trabalhadores que at\u00e9 ent\u00e3o s\u00f3 puderam movimentar a \u00faltima parcela do aux\u00edlio atrav\u00e9s do aplicativo Caixa TEM.&nbsp;<\/p>\n\n\n\n<p class=\"wp-block-paragraph\">Pelas regras do programa, os valores n\u00e3o sacados das poupan\u00e7as digitais abertas e n\u00e3o movimentadas no prazo de 270 dias retornar\u00e3o para a Uni\u00e3o.<\/p>\n\n\n\n<p class=\"wp-block-paragraph\"><strong>N\u00fameros do programa<\/strong><br>O Aux\u00edlio Emergencial socorreu 68 milh\u00f5es de cidad\u00e3os diretamente, totalizando um gasto p\u00fablico sem precedentes de mais R$ 300 bilh\u00f5es em pagamentos. Para dimensionar o impacto do programa, basta comparar com o Bolsa Fam\u00edlia, que tem or\u00e7amento de cerca de R$ 35 bilh\u00f5es ao ano.<\/p>\n\n\n\n<p class=\"wp-block-paragraph\">O aux\u00edlio apoiou trabalhadores que se viram de uma hora para a outra sem renda e foi decisivo para oferecer algum al\u00edvio \u00e0 popula\u00e7\u00e3o de menor renda e para evitar um tombo ainda maior da economia em 2020.<\/p>\n\n\n\n<p class=\"wp-block-paragraph\">&#8220;O benef\u00edcio sempre esteve presente em cerca de 40% das resid\u00eancias do pa\u00eds. Em julho, esse n\u00famero chegou ao pico de 44,1% dos domic\u00edlios&#8221;, informou o Minist\u00e9rio da Cidadania.<\/p>\n\n\n\n<p class=\"wp-block-paragraph\">Os beneficiados receberam ao menos 5 parcelas de no m\u00ednimo R$ 600. Em setembro, o governo decidiu prorrogar o aux\u00edlio at\u00e9 dezembro no valor de R$ 300, mas o governo redefiniu as regras e s\u00f3 56% dos aprovados fora do Bolsa Fam\u00edlia tiveram direito a receber mais 4 parcelas extras.<\/p>\n\n\n\n<p class=\"wp-block-paragraph\">Segundo o Minist\u00e9rio da Cidadania, o balan\u00e7o final s\u00f3 ser\u00e1 divulgado ap\u00f3s a finaliza\u00e7\u00e3o de todos os processos de contesta\u00e7\u00e3o ainda em an\u00e1lise.<\/p>\n\n\n\n<p class=\"wp-block-paragraph\">Em balan\u00e7o feito pela Caixa at\u00e9 o dia 28 de dezembro, foram pagos R$ 291,8 bilh\u00f5es a 67,9 milh\u00f5es de benefici\u00e1rios. Os n\u00fameros devem subir com os pagamentos desta ter\u00e7a.<\/p>\n\n\n\n<p class=\"wp-block-paragraph\"><strong>Renda Cidad\u00e3 e chance de novo aux\u00edlio<\/strong><br>A equipe econ\u00f4mica tem reafirmado que o governo n\u00e3o pretende estender o Aux\u00edlio Emergencial para al\u00e9m de 2020, mas permanecem as press\u00f5es para uma prorroga\u00e7\u00e3o do programa ou algum tipo de benef\u00edcio adicional para a parcela mais pobre da popula\u00e7\u00e3o brasileira.<\/p>\n\n\n\n<p class=\"wp-block-paragraph\">No dia 23 de novembro, Guedes disse que, &#8220;do ponto de vista do governo&#8221;, n\u00e3o existe prorroga\u00e7\u00e3o do aux\u00edlio emergencial, mas admitiu a possibilidade na hip\u00f3tese de um forte aumento no n\u00famero de mortes por Covid-19.<\/p>\n\n\n\n<p class=\"wp-block-paragraph\">Integrantes do governo t\u00eam defendido a cria\u00e7\u00e3o de um novo programa social, que inicialmente foi batizado de Renda Brasil e agora tem sido chamado de Renda Cidad\u00e3. A principal dificuldade, por\u00e9m, \u00e9 encontrar uma fonte de receita para financiar o novo programa sem furar o teto de gastos (regra que n\u00e3o permite o crescimento das despesas acima da infla\u00e7\u00e3o do ano anterior).<\/p>\n\n\n\n<p class=\"wp-block-paragraph\">Guedes tem reafirmado que o governo vai continuar com o Bolsa Fam\u00edlia se n\u00e3o encontrar espa\u00e7o fiscal para criar um novo programa social.<\/p>\n\n\n\n<p class=\"wp-block-paragraph\">Nas contas do especialista em contas p\u00fablicas da consultoria Tend\u00eancias, F\u00e1bio Klein, uma amplia\u00e7\u00e3o do programa, com t\u00edquete m\u00e9dio de R$ 300 e 17,5 milh\u00f5es de fam\u00edlias atendidas, representaria um gasto extra de R$ 32 bilh\u00f5es no pr\u00f3ximo ano.<\/p>\n\n\n\n<p class=\"wp-block-paragraph\">Em entrevista ao jornal &#8220;Valor Econ\u00f4mico&#8221;, o l\u00edder governista e senador Fernando Bezerra Coelho (MDB-PE), afirmou que o governo s\u00f3 dever\u00e1 avaliar um novo programa social ou a retomada do aux\u00edlio emergencial a partir de fevereiro do pr\u00f3ximo ano, ap\u00f3s o recesso parlamentar.<\/p>\n\n\n\n<p class=\"wp-block-paragraph\">ClickPB<\/p>\n","protected":false},"excerpt":{"rendered":"<p>A Caixa Econ\u00f4mica Federal (CEF) paga nesta ter\u00e7a-feira (29) a \u00faltima parcela do Aux\u00edlio Emergencial a 3,2 milh\u00f5es de pessoas &#8211; e, com isso, encerra o calend\u00e1rio de pagamentos do programa lan\u00e7ado em abril deste ano para apoiar trabalhadores aut\u00f4nomos e desempregados afetados pela pandemia, e que socorreu um total de 68 milh\u00f5es de brasileiros. O ciclo de pagamentos chega ao fim e at\u00e9 o momento n\u00e3o h\u00e1 qualquer nenhuma indica\u00e7\u00e3o de que haver\u00e1 um novo aux\u00edlio em 2021 ou lan\u00e7amento de um novo programa social ou substituto do Bolsa Fam\u00edlia. De acordo com o Minist\u00e9rio da Cidadania, em 2021, s\u00f3 ser\u00e3o efetuados pagamentos resultantes de contesta\u00e7\u00f5es administrativas e extrajudiciais e de decis\u00f5es judiciais. Parlamentares seguem defendendo a prorroga\u00e7\u00e3o do aux\u00edlio por dois ou tr\u00eas meses em 2021, por meio da amplia\u00e7\u00e3o do estado de calamidade p\u00fablica, mas o ministro da Economia, Paulo Guedes, tem reafirmado que o programa ir\u00e1 acabar no final de 2020. \u00daltimo lote de pagamentos Recebem nesta ter\u00e7a os trabalhadores nascidos em dezembro, que n\u00e3o fazem parte do Bolsa Fam\u00edlia: 3,2 milh\u00f5es v\u00e3o receber uma parcela do Aux\u00edlio Emergencial extens\u00e3o, de R$ 300; enquanto outros cerca de 50,3 mil mil ainda v\u00e3o receber parcela de R$ 600. Para os trabalhadores do Bolsa Fam\u00edlia, os pagamentos da \u00faltima parcela do aux\u00edlio emergencial se encerraram em 23 de dezembro. A partir de janeiro, esse p\u00fablico volta a receber o bolsa. VEJA QUEM RECEBE NESTA TER\u00c7A: Cerca de 50,3 mil trabalhadores do Cadastro \u00danico e inscritos via site e app, nascidos em dezembro: &#8211; aprovados que receberam 4 parcelas recebem a \u00faltima parcela de R$ 600&#8211; aprovados que receberam de 1 a 3 parcelas recebem parcelas de R$ 600 restantes at\u00e9 a 5\u00aa 3,2 milh\u00f5es de trabalhadores do Cadastro \u00danico e inscritos via site e app, nascidos em dezembro: &#8211; aprovados que j\u00e1 receberam todas as parcelas de R$ 600 (e qualquer n\u00famero de parcelas de R$ 300) recebem a \u00faltima parcela de R$ 300 A ajuda paga nesta ter\u00e7a ser\u00e1 creditada em conta poupan\u00e7a social digital da Caixa, que poder\u00e1 ser usada inicialmente para pagamento de contas e compras por meio do cart\u00e3o virtual. Saques e transfer\u00eancias para quem receber o cr\u00e9dito nesta segunda ser\u00e3o liberados no dia 27 de janeiro. Vale lembrar que, ao longo de janeiro, prossegue apenas o calend\u00e1rio de libera\u00e7\u00e3o de saques em dinheiro e transfer\u00eancias banc\u00e1rias para os trabalhadores que at\u00e9 ent\u00e3o s\u00f3 puderam movimentar a \u00faltima parcela do aux\u00edlio atrav\u00e9s do aplicativo Caixa TEM.&nbsp; Pelas regras do programa, os valores n\u00e3o sacados das poupan\u00e7as digitais abertas e n\u00e3o movimentadas no prazo de 270 dias retornar\u00e3o para a Uni\u00e3o. N\u00fameros do programaO Aux\u00edlio Emergencial socorreu 68 milh\u00f5es de cidad\u00e3os diretamente, totalizando um gasto p\u00fablico sem precedentes de mais R$ 300 bilh\u00f5es em pagamentos. Para dimensionar o impacto do programa, basta comparar com o Bolsa Fam\u00edlia, que tem or\u00e7amento de cerca de R$ 35 bilh\u00f5es ao ano. O aux\u00edlio apoiou trabalhadores que se viram de uma hora para a outra sem renda e foi decisivo para oferecer algum al\u00edvio \u00e0 popula\u00e7\u00e3o de menor renda e para evitar um tombo ainda maior da economia em 2020. &#8220;O benef\u00edcio sempre esteve presente em cerca de 40% das resid\u00eancias do pa\u00eds. Em julho, esse n\u00famero chegou ao pico de 44,1% dos domic\u00edlios&#8221;, informou o Minist\u00e9rio da Cidadania. Os beneficiados receberam ao menos 5 parcelas de no m\u00ednimo R$ 600. Em setembro, o governo decidiu prorrogar o aux\u00edlio at\u00e9 dezembro no valor de R$ 300, mas o governo redefiniu as regras e s\u00f3 56% dos aprovados fora do Bolsa Fam\u00edlia tiveram direito a receber mais 4 parcelas extras. Segundo o Minist\u00e9rio da Cidadania, o balan\u00e7o final s\u00f3 ser\u00e1 divulgado ap\u00f3s a finaliza\u00e7\u00e3o de todos os processos de contesta\u00e7\u00e3o ainda em an\u00e1lise. Em balan\u00e7o feito pela Caixa at\u00e9 o dia 28 de dezembro, foram pagos R$ 291,8 bilh\u00f5es a 67,9 milh\u00f5es de benefici\u00e1rios. Os n\u00fameros devem subir com os pagamentos desta ter\u00e7a. Renda Cidad\u00e3 e chance de novo aux\u00edlioA equipe econ\u00f4mica tem reafirmado que o governo n\u00e3o pretende estender o Aux\u00edlio Emergencial para al\u00e9m de 2020, mas permanecem as press\u00f5es para uma prorroga\u00e7\u00e3o do programa ou algum tipo de benef\u00edcio adicional para a parcela mais pobre da popula\u00e7\u00e3o brasileira. No dia 23 de novembro, Guedes disse que, &#8220;do ponto de vista do governo&#8221;, n\u00e3o existe prorroga\u00e7\u00e3o do aux\u00edlio emergencial, mas admitiu a possibilidade na hip\u00f3tese de um forte aumento no n\u00famero de mortes por Covid-19. Integrantes do governo t\u00eam defendido a cria\u00e7\u00e3o de um novo programa social, que inicialmente foi batizado de Renda Brasil e agora tem sido chamado de Renda Cidad\u00e3. A principal dificuldade, por\u00e9m, \u00e9 encontrar uma fonte de receita para financiar o novo programa sem furar o teto de gastos (regra que n\u00e3o permite o crescimento das despesas acima da infla\u00e7\u00e3o do ano anterior). Guedes tem reafirmado que o governo vai continuar com o Bolsa Fam\u00edlia se n\u00e3o encontrar espa\u00e7o fiscal para criar um novo programa social. Nas contas do especialista em contas p\u00fablicas da consultoria Tend\u00eancias, F\u00e1bio Klein, uma amplia\u00e7\u00e3o do programa, com t\u00edquete m\u00e9dio de R$ 300 e 17,5 milh\u00f5es de fam\u00edlias atendidas, representaria um gasto extra de R$ 32 bilh\u00f5es no pr\u00f3ximo ano. Em entrevista ao jornal &#8220;Valor Econ\u00f4mico&#8221;, o l\u00edder governista e senador Fernando Bezerra Coelho (MDB-PE), afirmou que o governo s\u00f3 dever\u00e1 avaliar um novo programa social ou a retomada do aux\u00edlio emergencial a partir de fevereiro do pr\u00f3ximo ano, ap\u00f3s o recesso parlamentar. ClickPB<\/p>\n","protected":false},"author":6,"featured_media":197855,"comment_status":"closed","ping_status":"closed","sticky":false,"template":"","format":"standard","meta":{"sfsi_plus_gutenberg_text_before_share":"","sfsi_plus_gutenberg_show_text_before_share":"","sfsi_plus_gutenberg_icon_type":"","sfsi_plus_gutenberg_icon_alignemt":"","sfsi_plus_gutenburg_max_per_row":"","footnotes":""},"categories":[50,107],"tags":[],"class_list":["post-200492","post","type-post","status-publish","format-standard","has-post-thumbnail","hentry","category-destaque","category-economia"],"_links":{"self":[{"href":"https:\/\/www.caririemacao.com\/1\/wp-json\/wp\/v2\/posts\/200492","targetHints":{"allow":["GET"]}}],"collection":[{"href":"https:\/\/www.caririemacao.com\/1\/wp-json\/wp\/v2\/posts"}],"about":[{"href":"https:\/\/www.caririemacao.com\/1\/wp-json\/wp\/v2\/types\/post"}],"author":[{"embeddable":true,"href":"https:\/\/www.caririemacao.com\/1\/wp-json\/wp\/v2\/users\/6"}],"replies":[{"embeddable":true,"href":"https:\/\/www.caririemacao.com\/1\/wp-json\/wp\/v2\/comments?post=200492"}],"version-history":[{"count":1,"href":"https:\/\/www.caririemacao.com\/1\/wp-json\/wp\/v2\/posts\/200492\/revisions"}],"predecessor-version":[{"id":200493,"href":"https:\/\/www.caririemacao.com\/1\/wp-json\/wp\/v2\/posts\/200492\/revisions\/200493"}],"wp:featuredmedia":[{"embeddable":true,"href":"https:\/\/www.caririemacao.com\/1\/wp-json\/wp\/v2\/media\/197855"}],"wp:attachment":[{"href":"https:\/\/www.caririemacao.com\/1\/wp-json\/wp\/v2\/media?parent=200492"}],"wp:term":[{"taxonomy":"category","embeddable":true,"href":"https:\/\/www.caririemacao.com\/1\/wp-json\/wp\/v2\/categories?post=200492"},{"taxonomy":"post_tag","embeddable":true,"href":"https:\/\/www.caririemacao.com\/1\/wp-json\/wp\/v2\/tags?post=200492"}],"curies":[{"name":"wp","href":"https:\/\/api.w.org\/{rel}","templated":true}]}}