{"id":20069,"date":"2017-05-20T08:46:44","date_gmt":"2017-05-20T11:46:44","guid":{"rendered":"http:\/\/caririemacao.com\/1\/?p=20069"},"modified":"2017-05-20T08:46:44","modified_gmt":"2017-05-20T11:46:44","slug":"veja-programacao-e-entenda-a-posse-de-dom-delson-na-paraiba","status":"publish","type":"post","link":"https:\/\/www.caririemacao.com\/1\/2017\/05\/20\/veja-programacao-e-entenda-a-posse-de-dom-delson-na-paraiba\/","title":{"rendered":"Veja programa\u00e7\u00e3o e entenda a posse de Dom Delson na Para\u00edba"},"content":{"rendered":"<p>A Para\u00edba passar\u00e1 a ter um novo Arcebispo a partir das 9h deste s\u00e1bado (20), quando acontece a posse de Dom Manoel Delson Pedreira da Cruz na Catedral Bas\u00edlica de Nossa Senhora das Neves, no Centro de Jo\u00e3o Pessoa. Por conta disto, a Arquidiocese da Para\u00edba elaborou um roteiro da celebra\u00e7\u00e3o, que ser\u00e1 tamb\u00e9m transmitida ao vivo pelo Facebook.<\/p>\n<p>De acordo com o roteiro, chegando \u00e0 Catedral, os seminaristas e o clero dirigem-se para os lugares devidamente reservados, como tamb\u00e9m as autoridades. Os bispos dirigem-se \u00e0 sacristia e o povo acomoda-se da maneira mais favor\u00e1vel.<\/p>\n<p>Ap\u00f3s isto, Dom Delson ser\u00e1 acolhido no adro da Catedral pelo N\u00fancio Apost\u00f3lico, Dom Giovanni d\u2019Aniello, e pelo Administrador Apost\u00f3lico, Dom Genival Saraiva. Al\u00e9m disto, ter\u00e3o outras etapas at\u00e9 o come\u00e7o dos ritos iniciais, que contar\u00e1 com canto de entrada e a sauda\u00e7\u00e3o inicial, dentre outras coisas.<\/p>\n<p>Ainda com outros procedimentos, a missa seguir\u00e1 sob a presid\u00eancia do Arcebispo empossado, Dom Delson. Por fim, a solenidade ter\u00e1 a palavra do N\u00fancio Apost\u00f3lico e a B\u00ean\u00e7\u00e3o Final.<\/p>\n<p>A Arquidiocese da Para\u00edba, ela est\u00e1 vacante desde o dia 6 de julho de 2016, quando o Papa Francisco aceitou o pedido de ren\u00fancia de Dom Aldo di Cillo Pagotto. Desde ent\u00e3o, ela foi regida pelo Administrador Apost\u00f3lico Dom Genival Saraiva de Fran\u00e7a. Por j\u00e1 ser Bispo Em\u00e9rito, ou seja, Bispo aposentado, Dom Genival n\u00e3o poderia assumir a Arquidiocese.<\/p>\n<p>Antes da nomea\u00e7\u00e3o, Dom Delson era Bispo de Campina Grande. Com a nomea\u00e7\u00e3o, ele deixou de ser Bispo de Campina Grande, mas continuou \u00e0 frente da Diocese como Bispo Administrador. Ap\u00f3s a posse em Jo\u00e3o Pessoa, o Clero de Campina Grande vai se reunir para escolher um Administrador Diocesano, que vai ficar \u00e0 frente da Diocese at\u00e9 que o Papa Francisco escolha um novo titular.<\/p>\n<p>Dom Manoel Delson Pedreira da Cruz estudou Filosofia e o in\u00edcio da Teologia no Semin\u00e1rio S\u00e3o Francisco de Assis em Nova Veneza e concluiu os estudos teol\u00f3gicos no Instituto de Teologia da Universidade Cat\u00f3lica de Salvador, na Bahia. \u00c9 mestre em Ci\u00eancia da Comunica\u00e7\u00e3o Social pela Pontif\u00edcia Universidade Salesiana de Roma e graduado em Letras pela Universidade Cat\u00f3lica de Salvador. Foi ordenado sacerdote no dia 5 de julho de 1980 na Arquidiocese de Feira de Santana e, na mesma arquidiocese, em 24 de setembro de 2006, recebeu sua ordena\u00e7\u00e3o episcopal. Foi acolhido na Diocese de Caic\u00f3 no dia 8 de outubro daquele ano.<\/p>\n<p>No dia 9 de maio de 2011 foi eleito durante a 49\u00aa Assembleia do Episcopado Brasileiro em Aparecida entre os bispos dos estados de Alagoas, Para\u00edba, Pernambuco e Rio Grande do Norte, vice-presidente do Regional Nordeste 2 da CNBB, e foi reeleito em 2014, com mandato at\u00e9 2018.<\/p>\n<p>No dia 8 de agosto de 2012 foi nomeando pelo Papa Bento XVI como 7\u00ba bispo diocesano de Campina Grande, tomando posse no dia 29 de setembro do mesmo ano, em solenidade na Catedral Diocesana de Nossa Senhora da Concei\u00e7\u00e3o.<\/p>\n<p><strong>Em Campina Grande<\/strong><\/p>\n<p>Na diocese de Campina Grande, Dom Delson teve um episcopado marcado pelas visitas pastorais, que consistem em uma visita do pastor diocesano \u00e0s par\u00f3quias. Nestes eventos, o Bispo vai \u00e0s capelas, \u00e0s casas das pessoas, se informa pessoalmente sobre a situa\u00e7\u00e3o administrativa da Par\u00f3quia e celebra com as comunidades. \u201c\u00c9 um dos momentos mais ricos da miss\u00e3o do bispo. \u00c9 quando a gente pode ficar mais perto do povo, conversar olhando nos olhos, tomar um caf\u00e9 na sala de \u2018dona Maria\u2019, aben\u00e7oar os lares, ungir os doentes&#8230; \u00e9 o sacerd\u00f3cio na plenitude\u201d, comenta Dom Manoel Delson.<\/p>\n<p>Nestes 4 anos e meio ele conseguiu realizar a visita pastoral em quase metade das 63 Par\u00f3quias e \u00c1reas Pastorais que comp\u00f5em a Diocese de Campina Grande, que \u00e9 composta por 61 munic\u00edpios.<\/p>\n<p>Neste tempo, Dom Delson tamb\u00e9m aumentou o n\u00famero de padres. Foram ordenados 17 novos padres e 3 di\u00e1conos permanentes. Em rela\u00e7\u00e3o \u00e0s par\u00f3quias, 9 foram criadas, organizando melhor a divis\u00e3o de fieis e comunidades.<\/p>\n<p>No dia 08 de mar\u00e7o de 2017, Dom Delson foi nomeado, \u00a0pelo Papa Francisco, Arcebispo Metropolitano da Arquidiocese da Para\u00edba. A posse ocorrer\u00e1 neste dia 20 de maio.<\/p>\n<p><strong>CARIRI EM A\u00c7\u00c3O<\/strong><\/p>\n<p>Correio da Para\u00edba \/Foto:\u00a0Google<\/p>\n<p><strong>Leia mais not\u00edcias em\u00a0<\/strong><a href=\"http:\/\/www.caririemacao.com\/\"><strong>caririemacao.com<\/strong><\/a><strong>, siga nossa p\u00e1gina no\u00a0<\/strong><a href=\"https:\/\/www.facebook.com\/CaririEmAcao\/?ref=aymt_homepage_panel\"><strong>Facebook<\/strong><\/a><strong>\u00a0e\u00a0<a href=\"https:\/\/www.instagram.com\/cariri_em_acao\/?hl=pt-br\">Instagram<\/a>\u00a0veja nossas mat\u00e9rias e fotos. Voc\u00ea tamb\u00e9m pode enviar informa\u00e7\u00f5es \u00e0 Reda\u00e7\u00e3o do Portal Cariri em A\u00e7\u00e3o pelo WhatsApp (83) 9 9634.5791, (83) 9 9601-1162.<\/strong><\/p>\n","protected":false},"excerpt":{"rendered":"<p>A Para\u00edba passar\u00e1 a ter um novo Arcebispo a partir das 9h deste s\u00e1bado (20), quando acontece a posse de Dom Manoel Delson Pedreira da&hellip; <\/p>\n","protected":false},"author":2,"featured_media":15034,"comment_status":"closed","ping_status":"closed","sticky":false,"template":"","format":"standard","meta":{"sfsi_plus_gutenberg_text_before_share":"","sfsi_plus_gutenberg_show_text_before_share":"","sfsi_plus_gutenberg_icon_type":"","sfsi_plus_gutenberg_icon_alignemt":"","sfsi_plus_gutenburg_max_per_row":"","footnotes":""},"categories":[2],"tags":[],"class_list":["post-20069","post","type-post","status-publish","format-standard","has-post-thumbnail","hentry","category-geral"],"_links":{"self":[{"href":"https:\/\/www.caririemacao.com\/1\/wp-json\/wp\/v2\/posts\/20069","targetHints":{"allow":["GET"]}}],"collection":[{"href":"https:\/\/www.caririemacao.com\/1\/wp-json\/wp\/v2\/posts"}],"about":[{"href":"https:\/\/www.caririemacao.com\/1\/wp-json\/wp\/v2\/types\/post"}],"author":[{"embeddable":true,"href":"https:\/\/www.caririemacao.com\/1\/wp-json\/wp\/v2\/users\/2"}],"replies":[{"embeddable":true,"href":"https:\/\/www.caririemacao.com\/1\/wp-json\/wp\/v2\/comments?post=20069"}],"version-history":[{"count":0,"href":"https:\/\/www.caririemacao.com\/1\/wp-json\/wp\/v2\/posts\/20069\/revisions"}],"wp:featuredmedia":[{"embeddable":true,"href":"https:\/\/www.caririemacao.com\/1\/wp-json\/wp\/v2\/media\/15034"}],"wp:attachment":[{"href":"https:\/\/www.caririemacao.com\/1\/wp-json\/wp\/v2\/media?parent=20069"}],"wp:term":[{"taxonomy":"category","embeddable":true,"href":"https:\/\/www.caririemacao.com\/1\/wp-json\/wp\/v2\/categories?post=20069"},{"taxonomy":"post_tag","embeddable":true,"href":"https:\/\/www.caririemacao.com\/1\/wp-json\/wp\/v2\/tags?post=20069"}],"curies":[{"name":"wp","href":"https:\/\/api.w.org\/{rel}","templated":true}]}}