{"id":20071,"date":"2017-05-20T08:56:15","date_gmt":"2017-05-20T11:56:15","guid":{"rendered":"http:\/\/caririemacao.com\/1\/?p=20071"},"modified":"2017-05-20T08:56:15","modified_gmt":"2017-05-20T11:56:15","slug":"delator-da-jbs-diz-ter-pago-propina-a-vital-do-rego-e-ministro-nega-acusacoes","status":"publish","type":"post","link":"https:\/\/www.caririemacao.com\/1\/2017\/05\/20\/delator-da-jbs-diz-ter-pago-propina-a-vital-do-rego-e-ministro-nega-acusacoes\/","title":{"rendered":"Delator da JBS diz ter pago propina a Vital do R\u00eago e ministro nega acusa\u00e7\u00f5es"},"content":{"rendered":"<p>O ministro do Tribunal de Contas da Uni\u00e3o e ex-senador paraibano Vital do R\u00eago Filho, foi citado em dela\u00e7\u00e3o premiada do diretor do frigor\u00edfico JBS Ricardo Saud. Segundo o jornal O Globo, o gestor afirmou \u00e0 Procuradoria-Geral da Rep\u00fablica ter pago propina a Vital, na \u00e9poca parlamentar do Senado Federal, para garantir o apoio dele \u00e0 reelei\u00e7\u00e3o de Dilma Rousseff nas elei\u00e7\u00f5es de 2014. <strong><a href=\"http:\/\/portalcorreio.com.br\/noticias\" target=\"_blank\" rel=\"noopener noreferrer\"><br \/>\n<\/a><\/strong><br \/>\nNo depoimento, de acordo com O Globo, Saud revelou que R$ 35 milh\u00f5es foram destinados a senadores. O diretor contou que foram beneficiados, al\u00e9m de Vital, Eduardo Braga (PMDB-AM), Jader Barbalho (PMDB-PA), Renan Calheiros (PMDB-AL) e Valdir Raupp (PMDB-RO). Do total, R$ 1 milh\u00e3o seria para outra pessoa, mas, conforme delatado, os cinco acabaram dividindo o dinheiro entre eles.<\/p>\n<p>Em nota, Vital do R\u00eago informou que recebeu doa\u00e7\u00f5es legais do Grupo JBS quando disputou o governo da Para\u00edba em 2014, declaradas na presta\u00e7\u00e3o de contas aprovada pela Justi\u00e7a.<\/p>\n<p>&#8220;O ministro Vital desconhece os fatos narrados pelo delator e est\u00e1 \u00e0 disposi\u00e7\u00e3o das autoridades para os esclarecimentos necess\u00e1rios&#8221;, diz o texto da assessoria de imprensa do ministro.<br \/>\n<strong>CARIRI EM A\u00c7\u00c3O<\/strong><\/p>\n<p>Portal Correio\/Foto: Google<\/p>\n<p><strong>Leia mais not\u00edcias em\u00a0<\/strong><a href=\"http:\/\/www.caririemacao.com\/\"><strong>caririemacao.com<\/strong><\/a><strong>, siga nossa p\u00e1gina no\u00a0<\/strong><a href=\"https:\/\/www.facebook.com\/CaririEmAcao\/?ref=aymt_homepage_panel\"><strong>Facebook<\/strong><\/a><strong>\u00a0e\u00a0<a href=\"https:\/\/www.instagram.com\/cariri_em_acao\/?hl=pt-br\">Instagram<\/a>\u00a0veja nossas mat\u00e9rias e fotos. Voc\u00ea tamb\u00e9m pode enviar informa\u00e7\u00f5es \u00e0 Reda\u00e7\u00e3o do Portal Cariri em A\u00e7\u00e3o pelo WhatsApp (83) 9 9634.5791, (83) 9 9601-1162.<\/strong><\/p>\n","protected":false},"excerpt":{"rendered":"<p>O ministro do Tribunal de Contas da Uni\u00e3o e ex-senador paraibano Vital do R\u00eago Filho, foi citado em dela\u00e7\u00e3o premiada do diretor do frigor\u00edfico JBS&hellip; <\/p>\n","protected":false},"author":2,"featured_media":20072,"comment_status":"closed","ping_status":"closed","sticky":false,"template":"","format":"standard","meta":{"sfsi_plus_gutenberg_text_before_share":"","sfsi_plus_gutenberg_show_text_before_share":"","sfsi_plus_gutenberg_icon_type":"","sfsi_plus_gutenberg_icon_alignemt":"","sfsi_plus_gutenburg_max_per_row":"","footnotes":""},"categories":[11],"tags":[],"class_list":["post-20071","post","type-post","status-publish","format-standard","has-post-thumbnail","hentry","category-politica"],"_links":{"self":[{"href":"https:\/\/www.caririemacao.com\/1\/wp-json\/wp\/v2\/posts\/20071","targetHints":{"allow":["GET"]}}],"collection":[{"href":"https:\/\/www.caririemacao.com\/1\/wp-json\/wp\/v2\/posts"}],"about":[{"href":"https:\/\/www.caririemacao.com\/1\/wp-json\/wp\/v2\/types\/post"}],"author":[{"embeddable":true,"href":"https:\/\/www.caririemacao.com\/1\/wp-json\/wp\/v2\/users\/2"}],"replies":[{"embeddable":true,"href":"https:\/\/www.caririemacao.com\/1\/wp-json\/wp\/v2\/comments?post=20071"}],"version-history":[{"count":0,"href":"https:\/\/www.caririemacao.com\/1\/wp-json\/wp\/v2\/posts\/20071\/revisions"}],"wp:featuredmedia":[{"embeddable":true,"href":"https:\/\/www.caririemacao.com\/1\/wp-json\/wp\/v2\/media\/20072"}],"wp:attachment":[{"href":"https:\/\/www.caririemacao.com\/1\/wp-json\/wp\/v2\/media?parent=20071"}],"wp:term":[{"taxonomy":"category","embeddable":true,"href":"https:\/\/www.caririemacao.com\/1\/wp-json\/wp\/v2\/categories?post=20071"},{"taxonomy":"post_tag","embeddable":true,"href":"https:\/\/www.caririemacao.com\/1\/wp-json\/wp\/v2\/tags?post=20071"}],"curies":[{"name":"wp","href":"https:\/\/api.w.org\/{rel}","templated":true}]}}