{"id":200943,"date":"2021-01-01T12:05:12","date_gmt":"2021-01-01T15:05:12","guid":{"rendered":"https:\/\/www.caririemacao.com\/1\/?p=200943"},"modified":"2021-01-01T12:05:14","modified_gmt":"2021-01-01T15:05:14","slug":"por-unanimidade-celio-moco-e-eleito-presidente-da-camara-de-camalau","status":"publish","type":"post","link":"https:\/\/www.caririemacao.com\/1\/2021\/01\/01\/por-unanimidade-celio-moco-e-eleito-presidente-da-camara-de-camalau\/","title":{"rendered":"Por unanimidade, C\u00e9lio M\u00f4co \u00e9 eleito presidente da C\u00e2mara de Camala\u00fa"},"content":{"rendered":"\n<p>Com o apoio de todos os vereadores, foi eleito presidente da\u00a0C\u00e2mara de Camala\u00fa o vereador C\u00e9lio M\u00f4co. Ele obteve 9 votos e ir\u00e1 comandar o Legislativo Municipal nos pr\u00f3ximos dois anos.<\/p>\n\n\n\n<p>A nova mesa diretora \u00e9 formada pelo presidente C\u00e9lio M\u00f4co, vice-presidente, o vereador Bezerr\u00e3o, primeiro secret\u00e1rio, a vereadora Carina e segundo secret\u00e1rio, o vereador Netinho.<\/p>\n\n\n\n<p>Segundo C\u00e9lio, a tarefa principal do Legislativo \u00e9 trabalhar em parceria com o Poder Executivo, sempre buscando melhorar a vida de cada camalauense.<\/p>\n\n\n\n<p>&#8220;A C\u00e2mara de Vereadores vai estar apoiando o prefeito em todos os sentidos para n\u00f3s possamos ter, dentro da legalidade e da moralidade, todas as condi\u00e7\u00f5es para fazer de Camala\u00fa uma cidade cada vez melhor. Uma cidade que viv\u00eancia uma nova hist\u00f3ria\u201d, ressaltou o novo presidente da C\u00e2mara.<\/p>\n","protected":false},"excerpt":{"rendered":"<p>Com o apoio de todos os vereadores, foi eleito presidente da\u00a0C\u00e2mara de Camala\u00fa o vereador C\u00e9lio M\u00f4co. Ele obteve 9 votos e ir\u00e1 comandar o&hellip; <\/p>\n","protected":false},"author":6,"featured_media":200944,"comment_status":"closed","ping_status":"closed","sticky":false,"template":"","format":"standard","meta":{"sfsi_plus_gutenberg_text_before_share":"","sfsi_plus_gutenberg_show_text_before_share":"","sfsi_plus_gutenberg_icon_type":"","sfsi_plus_gutenberg_icon_alignemt":"","sfsi_plus_gutenburg_max_per_row":"","footnotes":""},"categories":[71,50,2],"tags":[],"class_list":["post-200943","post","type-post","status-publish","format-standard","has-post-thumbnail","hentry","category-camalau","category-destaque","category-geral"],"_links":{"self":[{"href":"https:\/\/www.caririemacao.com\/1\/wp-json\/wp\/v2\/posts\/200943","targetHints":{"allow":["GET"]}}],"collection":[{"href":"https:\/\/www.caririemacao.com\/1\/wp-json\/wp\/v2\/posts"}],"about":[{"href":"https:\/\/www.caririemacao.com\/1\/wp-json\/wp\/v2\/types\/post"}],"author":[{"embeddable":true,"href":"https:\/\/www.caririemacao.com\/1\/wp-json\/wp\/v2\/users\/6"}],"replies":[{"embeddable":true,"href":"https:\/\/www.caririemacao.com\/1\/wp-json\/wp\/v2\/comments?post=200943"}],"version-history":[{"count":1,"href":"https:\/\/www.caririemacao.com\/1\/wp-json\/wp\/v2\/posts\/200943\/revisions"}],"predecessor-version":[{"id":200945,"href":"https:\/\/www.caririemacao.com\/1\/wp-json\/wp\/v2\/posts\/200943\/revisions\/200945"}],"wp:featuredmedia":[{"embeddable":true,"href":"https:\/\/www.caririemacao.com\/1\/wp-json\/wp\/v2\/media\/200944"}],"wp:attachment":[{"href":"https:\/\/www.caririemacao.com\/1\/wp-json\/wp\/v2\/media?parent=200943"}],"wp:term":[{"taxonomy":"category","embeddable":true,"href":"https:\/\/www.caririemacao.com\/1\/wp-json\/wp\/v2\/categories?post=200943"},{"taxonomy":"post_tag","embeddable":true,"href":"https:\/\/www.caririemacao.com\/1\/wp-json\/wp\/v2\/tags?post=200943"}],"curies":[{"name":"wp","href":"https:\/\/api.w.org\/{rel}","templated":true}]}}