{"id":201068,"date":"2021-01-01T21:48:12","date_gmt":"2021-01-02T00:48:12","guid":{"rendered":"https:\/\/www.caririemacao.com\/1\/?p=201068"},"modified":"2021-01-01T21:54:23","modified_gmt":"2021-01-02T00:54:23","slug":"exclusivo-anna-lorena-toma-posse-com-prefeita-reeleita-de-monteiro","status":"publish","type":"post","link":"https:\/\/www.caririemacao.com\/1\/2021\/01\/01\/exclusivo-anna-lorena-toma-posse-com-prefeita-reeleita-de-monteiro\/","title":{"rendered":"EXCLUSIVO: Anna Lorena toma posse como prefeita reeleita de Monteiro"},"content":{"rendered":"\n<p>Nesta noite do dia 1\u00b0, a prefeita Anna Lorena toma posse de seu segundo mandato na cidade de Monteiro, em que, foi reeleita com 11,156 votos.<\/p>\n\n\n\n<p>A cerim\u00f4nia acontece na c\u00e2mara municipal com acesso restrito devido a Covid-19, sendo assim transmitida pelas redes socias da prefeitura, da c\u00e2mara municipal e pelas redes sociais da prefeita.<\/p>\n\n\n\n<p>Conforme orienta\u00e7\u00f5es do minist\u00e9rio p\u00fablico, a cerim\u00f4nia de posse acontece de forma virtual. &nbsp;<\/p>\n\n\n\n<figure class=\"wp-block-image size-large\"><img fetchpriority=\"high\" decoding=\"async\" width=\"680\" height=\"385\" src=\"https:\/\/www.caririemacao.com\/1\/wp-content\/uploads\/2021\/01\/ana-lorenna.png\" alt=\"\" class=\"wp-image-201072\" srcset=\"https:\/\/www.caririemacao.com\/1\/wp-content\/uploads\/2021\/01\/ana-lorenna.png 680w, https:\/\/www.caririemacao.com\/1\/wp-content\/uploads\/2021\/01\/ana-lorenna-300x170.png 300w\" sizes=\"(max-width: 680px) 100vw, 680px\" \/><\/figure>\n\n\n\n<p>Textos e fotos: Cariri em A\u00e7\u00e3o<\/p>\n","protected":false},"excerpt":{"rendered":"<p>Nesta noite do dia 1\u00b0, a prefeita Anna Lorena toma posse de seu segundo mandato na cidade de Monteiro, em que, foi reeleita com 11,156&hellip; <\/p>\n","protected":false},"author":6,"featured_media":201070,"comment_status":"closed","ping_status":"closed","sticky":false,"template":"","format":"standard","meta":{"sfsi_plus_gutenberg_text_before_share":"","sfsi_plus_gutenberg_show_text_before_share":"","sfsi_plus_gutenberg_icon_type":"","sfsi_plus_gutenberg_icon_alignemt":"","sfsi_plus_gutenburg_max_per_row":"","footnotes":""},"categories":[50,81],"tags":[],"class_list":["post-201068","post","type-post","status-publish","format-standard","has-post-thumbnail","hentry","category-destaque","category-monteiro"],"_links":{"self":[{"href":"https:\/\/www.caririemacao.com\/1\/wp-json\/wp\/v2\/posts\/201068","targetHints":{"allow":["GET"]}}],"collection":[{"href":"https:\/\/www.caririemacao.com\/1\/wp-json\/wp\/v2\/posts"}],"about":[{"href":"https:\/\/www.caririemacao.com\/1\/wp-json\/wp\/v2\/types\/post"}],"author":[{"embeddable":true,"href":"https:\/\/www.caririemacao.com\/1\/wp-json\/wp\/v2\/users\/6"}],"replies":[{"embeddable":true,"href":"https:\/\/www.caririemacao.com\/1\/wp-json\/wp\/v2\/comments?post=201068"}],"version-history":[{"count":3,"href":"https:\/\/www.caririemacao.com\/1\/wp-json\/wp\/v2\/posts\/201068\/revisions"}],"predecessor-version":[{"id":201073,"href":"https:\/\/www.caririemacao.com\/1\/wp-json\/wp\/v2\/posts\/201068\/revisions\/201073"}],"wp:featuredmedia":[{"embeddable":true,"href":"https:\/\/www.caririemacao.com\/1\/wp-json\/wp\/v2\/media\/201070"}],"wp:attachment":[{"href":"https:\/\/www.caririemacao.com\/1\/wp-json\/wp\/v2\/media?parent=201068"}],"wp:term":[{"taxonomy":"category","embeddable":true,"href":"https:\/\/www.caririemacao.com\/1\/wp-json\/wp\/v2\/categories?post=201068"},{"taxonomy":"post_tag","embeddable":true,"href":"https:\/\/www.caririemacao.com\/1\/wp-json\/wp\/v2\/tags?post=201068"}],"curies":[{"name":"wp","href":"https:\/\/api.w.org\/{rel}","templated":true}]}}