{"id":20149,"date":"2017-05-21T18:14:41","date_gmt":"2017-05-21T21:14:41","guid":{"rendered":"http:\/\/caririemacao.com\/1\/?p=20149"},"modified":"2017-05-21T18:14:41","modified_gmt":"2017-05-21T21:14:41","slug":"aije-da-pbprev-procurador-federal-recorre-contra-absolvicao-de-rc","status":"publish","type":"post","link":"https:\/\/www.caririemacao.com\/1\/2017\/05\/21\/aije-da-pbprev-procurador-federal-recorre-contra-absolvicao-de-rc\/","title":{"rendered":"AIJE da PBPrev: Procurador Federal recorre contra absolvi\u00e7\u00e3o de RC"},"content":{"rendered":"<p>Quando se imaginava que o julgamento da AIJE da PBprev n\u00e3o traria mais surpresas, especialmente para o governador Ricardo Coutinho, eis que surgem. O procurador regional, Marcos Queiroga, acaba de protocolar um recurso ordin\u00e1rio junto ao Tribunal Superior Eleitoral, para \u201cmodificar a decis\u00e3o\u201d do TRE da Para\u00edba, que absolveu o governador Ricardo Coutinho.<\/p>\n<p>No julgamento, que teve dois pedidos de vista, o TRE absolveu o governador por cinco votos a um. Com essa iniciativa do Minist\u00e9rio P\u00fablico Eleitoral, o governador e sua vice, L\u00edgia Feliciano, t\u00eam tr\u00eas dias para oferecer suas raz\u00f5es ao recurso impetrado pelo procurador eleitoral. Diferente dos recursos anteriores, esse \u201csobe\u201d ao TSE com o refor\u00e7o do parecer do procurador, que foi pela cassa\u00e7\u00e3o do governador.<\/p>\n<p>Parecer \u2013 Em parecer, o procurador destacou que \u201centre o primeiro e segundo turno (cerca de vinte dias), foram 363 deferimentos, quantidade pr\u00f3xima a 2011 e 2013 somados\u2026 durante o micro processo eleitoral, o quantitativo foi superior a todos os anos tr\u00eas anos anteriores\u2026 \u00e9 n\u00edtido o abuso de poder!\u201d<\/p>\n<p>Em outro momento: \u201cOs deferimentos se seguiram \u00e0s elei\u00e7\u00f5es, mas os motivos foram \u00f3bvios: satisfazer os compromissos com as associa\u00e7\u00f5es de professores, sendo mais de setecentos beneficiados\u201d. E se reportou ao prosseguimento dos pagamentos ap\u00f3s as elei\u00e7\u00f5es: \u201cSuspender os pagamentos seria muito infantil, porque ficaria caracterizado o uso da m\u00e1quina com finalidade eleitoreira.\u201d<\/p>\n<p>E ainda: \u201cO IEPES (empresa que trabalha na \u00e1rea fim) foi contratado sem licita\u00e7\u00e3o\u201d. Foi a empresa contratada para dar parecer sobre os processos. O procurador se referiu ainda sobre a Controladoria Geral do Estado: \u201cO CGE, em novembro de 2014, constatou pagamento irregular ao IEPES\u2026 seria mais econ\u00f4mico capacitar os servidores do que pagar a esta empresa\u201d.<\/p>\n<p>Marcos Queiroga defendeu n\u00e3o apenas a cassa\u00e7\u00e3o do governador Ricardo Coutinho e sua vice, L\u00edgia Feliciano. Mas tamb\u00e9m inelegibilidade de oito anos para o governador, e descartou a possibilidade de multa.<\/p>\n<p><strong>CARIRI EM A\u00c7\u00c3O<\/strong><\/p>\n<p>Helder Moura\/Foto: Reprodu\u00e7\u00e3o Google<\/p>\n<p><strong>Leia mais not\u00edcias em\u00a0<\/strong><a href=\"http:\/\/www.caririemacao.com\/\"><strong>caririemacao.com<\/strong><\/a><strong>, siga nossa p\u00e1gina no\u00a0<\/strong><a href=\"https:\/\/www.facebook.com\/CaririEmAcao\/?ref=aymt_homepage_panel\"><strong>Facebook<\/strong><\/a><strong>\u00a0e\u00a0<a href=\"https:\/\/www.instagram.com\/cariri_em_acao\/?hl=pt-br\">Instagram<\/a>\u00a0veja nossas mat\u00e9rias e fotos. Voc\u00ea tamb\u00e9m pode enviar informa\u00e7\u00f5es \u00e0 Reda\u00e7\u00e3o do Portal Cariri em A\u00e7\u00e3o pelo WhatsApp (83) 9 9634.5791, (83) 9 9601-1162.<\/strong><\/p>\n","protected":false},"excerpt":{"rendered":"<p>Quando se imaginava que o julgamento da AIJE da PBprev n\u00e3o traria mais surpresas, especialmente para o governador Ricardo Coutinho, eis que surgem. O procurador&hellip; <\/p>\n","protected":false},"author":2,"featured_media":7545,"comment_status":"closed","ping_status":"closed","sticky":false,"template":"","format":"standard","meta":{"sfsi_plus_gutenberg_text_before_share":"","sfsi_plus_gutenberg_show_text_before_share":"","sfsi_plus_gutenberg_icon_type":"","sfsi_plus_gutenberg_icon_alignemt":"","sfsi_plus_gutenburg_max_per_row":"","footnotes":""},"categories":[11],"tags":[],"class_list":["post-20149","post","type-post","status-publish","format-standard","has-post-thumbnail","hentry","category-politica"],"_links":{"self":[{"href":"https:\/\/www.caririemacao.com\/1\/wp-json\/wp\/v2\/posts\/20149","targetHints":{"allow":["GET"]}}],"collection":[{"href":"https:\/\/www.caririemacao.com\/1\/wp-json\/wp\/v2\/posts"}],"about":[{"href":"https:\/\/www.caririemacao.com\/1\/wp-json\/wp\/v2\/types\/post"}],"author":[{"embeddable":true,"href":"https:\/\/www.caririemacao.com\/1\/wp-json\/wp\/v2\/users\/2"}],"replies":[{"embeddable":true,"href":"https:\/\/www.caririemacao.com\/1\/wp-json\/wp\/v2\/comments?post=20149"}],"version-history":[{"count":0,"href":"https:\/\/www.caririemacao.com\/1\/wp-json\/wp\/v2\/posts\/20149\/revisions"}],"wp:featuredmedia":[{"embeddable":true,"href":"https:\/\/www.caririemacao.com\/1\/wp-json\/wp\/v2\/media\/7545"}],"wp:attachment":[{"href":"https:\/\/www.caririemacao.com\/1\/wp-json\/wp\/v2\/media?parent=20149"}],"wp:term":[{"taxonomy":"category","embeddable":true,"href":"https:\/\/www.caririemacao.com\/1\/wp-json\/wp\/v2\/categories?post=20149"},{"taxonomy":"post_tag","embeddable":true,"href":"https:\/\/www.caririemacao.com\/1\/wp-json\/wp\/v2\/tags?post=20149"}],"curies":[{"name":"wp","href":"https:\/\/api.w.org\/{rel}","templated":true}]}}