{"id":20151,"date":"2017-05-21T18:17:51","date_gmt":"2017-05-21T21:17:51","guid":{"rendered":"http:\/\/caririemacao.com\/1\/?p=20151"},"modified":"2017-05-21T18:23:03","modified_gmt":"2017-05-21T21:23:03","slug":"secretaria-da-saude-realizou-diversos-atendimentos-durante-as-comemoracoes-do-dia-da-cidade","status":"publish","type":"post","link":"https:\/\/www.caririemacao.com\/1\/2017\/05\/21\/secretaria-da-saude-realizou-diversos-atendimentos-durante-as-comemoracoes-do-dia-da-cidade\/","title":{"rendered":"Secretaria da Sa\u00fade realizou diversos atendimentos durante as comemora\u00e7\u00f5es do dia da cidade"},"content":{"rendered":"<p>A Prefeitura Municipal de Cara\u00fabas atrav\u00e9s da Secretaria da Sa\u00fade promoveu a Feira da Sa\u00fade no \u00faltimo dia 3 de Maio, no Mercado Municipal. Fazendo parte das comemora\u00e7\u00f5es dos 20 (vinte) anos da Emancipa\u00e7\u00e3o Pol\u00edtica do munic\u00edpio foram oferecidos a popula\u00e7\u00e3o diversos servi\u00e7os, dentre os quais destaque para a realiza\u00e7\u00e3o de 80 (oitenta) mamografias, aferi\u00e7\u00e3o de press\u00e3o e testes de glicemia capilar, vacina\u00e7\u00e3o contra a gripe, orienta\u00e7\u00f5es nutricionais, realiza\u00e7\u00e3o de testes r\u00e1pidos de s\u00edfilis, HIV e hepatite, bem como, orienta\u00e7\u00f5es sobre escova\u00e7\u00e3o e aplica\u00e7\u00e3o de fl\u00faor e palestras sobre o c\u00e2ncer de mama e ciclo evolutivo do mosquito Aedes Aegypti transmissor da dengue.<\/p>\n<p>A secret\u00e1ria da sa\u00fade, Salete Jord\u00e3o, falou da satisfa\u00e7\u00e3o e alegria dos resultados obtidos com o evento uma oportunidade da popula\u00e7\u00e3o tomar conhecimento de parte dos servi\u00e7os que o servi\u00e7o p\u00fablico municipal da sa\u00fade tem a oferecer, disse ela. O evento foi aberto oficialmente pelo prefeito Silvano Dudu, as 8h., e contou com a presen\u00e7a da secret\u00e1ria da sa\u00fade e de toda equipe de profissionais secretaria e das Unidades B\u00e1sicas de do munic\u00edpio.<\/p>\n<p>De acordo com a enfermeira Sandra Ferreira, coordenadora da Vigil\u00e2ncia em Sa\u00fade foram realizados 48 (quarenta e oito) testes de glicose e aferi\u00e7\u00e3o de press\u00e3o arterial, 30 (trinta) pessoas fizeram testes r\u00e1pidos de s\u00edfilis, HIV e hepatite B e C, 70 (setenta) pessoas tomaram a dose da vacina contra a gripe, bem como, 70 (setenta) exames de mamografia digital atrav\u00e9s do caminh\u00e3o e programa Amigo do Peito.<\/p>\n<p>Participaram ainda das atividades alunos da creche S\u00e3o Pedro e do ensino fundamental da rede municipal de ensino que assistiram atentamente as orienta\u00e7\u00f5es sobre escova\u00e7\u00e3o e aplica\u00e7\u00e3o de fl\u00faor. Aproximadamente 60 (sessenta) alunos do ensino fundamental e 28 (vinte e oito) alunos da creche estiveram participando das palestras e orienta\u00e7\u00f5es.<\/p>\n<p>Toda programa\u00e7\u00e3o foi elaborada e coordenada pela Secretaria da Sa\u00fade do munic\u00edpio e contou com o apoio da atual gest\u00e3o que aprovou a id\u00e9ia de promover sempre a feira da sa\u00fade como forma de levar as a\u00e7\u00f5es a toda popula\u00e7\u00e3o carente e aos que mais precisam da sa\u00fade. O prefeito Silvano Dudu se comprometeu em estruturar ainda mais as equipes como forma de promover o bem comum e garantir o acesso universal e igualit\u00e1rio a todos os cidad\u00e3os caraubenses.<\/p>\n<p><strong>CARIRI EM A\u00c7\u00c3O<\/strong><\/p>\n<p>SEPLACOM\/Eduardo Belo<\/p>\n<p><strong>Leia mais not\u00edcias em\u00a0<\/strong><a href=\"http:\/\/www.caririemacao.com\/\"><strong>caririemacao.com<\/strong><\/a><strong>, siga nossa p\u00e1gina no\u00a0<\/strong><a href=\"https:\/\/www.facebook.com\/CaririEmAcao\/?ref=aymt_homepage_panel\"><strong>Facebook<\/strong><\/a><strong>\u00a0e\u00a0<a href=\"https:\/\/www.instagram.com\/cariri_em_acao\/?hl=pt-br\">Instagram<\/a>\u00a0veja nossas mat\u00e9rias e fotos. Voc\u00ea tamb\u00e9m pode enviar informa\u00e7\u00f5es \u00e0 Reda\u00e7\u00e3o do Portal Cariri em A\u00e7\u00e3o pelo WhatsApp (83) 9 9634.5791, (83) 9 9601-1162.<\/strong><\/p>\n","protected":false},"excerpt":{"rendered":"<p>A Prefeitura Municipal de Cara\u00fabas atrav\u00e9s da Secretaria da Sa\u00fade promoveu a Feira da Sa\u00fade no \u00faltimo dia 3 de Maio, no Mercado Municipal. Fazendo&hellip; <\/p>\n","protected":false},"author":2,"featured_media":20152,"comment_status":"closed","ping_status":"closed","sticky":false,"template":"","format":"standard","meta":{"sfsi_plus_gutenberg_text_before_share":"","sfsi_plus_gutenberg_show_text_before_share":"","sfsi_plus_gutenberg_icon_type":"","sfsi_plus_gutenberg_icon_alignemt":"","sfsi_plus_gutenburg_max_per_row":"","footnotes":""},"categories":[16],"tags":[],"class_list":["post-20151","post","type-post","status-publish","format-standard","has-post-thumbnail","hentry","category-saude"],"_links":{"self":[{"href":"https:\/\/www.caririemacao.com\/1\/wp-json\/wp\/v2\/posts\/20151","targetHints":{"allow":["GET"]}}],"collection":[{"href":"https:\/\/www.caririemacao.com\/1\/wp-json\/wp\/v2\/posts"}],"about":[{"href":"https:\/\/www.caririemacao.com\/1\/wp-json\/wp\/v2\/types\/post"}],"author":[{"embeddable":true,"href":"https:\/\/www.caririemacao.com\/1\/wp-json\/wp\/v2\/users\/2"}],"replies":[{"embeddable":true,"href":"https:\/\/www.caririemacao.com\/1\/wp-json\/wp\/v2\/comments?post=20151"}],"version-history":[{"count":0,"href":"https:\/\/www.caririemacao.com\/1\/wp-json\/wp\/v2\/posts\/20151\/revisions"}],"wp:featuredmedia":[{"embeddable":true,"href":"https:\/\/www.caririemacao.com\/1\/wp-json\/wp\/v2\/media\/20152"}],"wp:attachment":[{"href":"https:\/\/www.caririemacao.com\/1\/wp-json\/wp\/v2\/media?parent=20151"}],"wp:term":[{"taxonomy":"category","embeddable":true,"href":"https:\/\/www.caririemacao.com\/1\/wp-json\/wp\/v2\/categories?post=20151"},{"taxonomy":"post_tag","embeddable":true,"href":"https:\/\/www.caririemacao.com\/1\/wp-json\/wp\/v2\/tags?post=20151"}],"curies":[{"name":"wp","href":"https:\/\/api.w.org\/{rel}","templated":true}]}}