{"id":201517,"date":"2021-01-07T08:31:56","date_gmt":"2021-01-07T11:31:56","guid":{"rendered":"https:\/\/www.caririemacao.com\/1\/?p=201517"},"modified":"2021-01-07T08:39:33","modified_gmt":"2021-01-07T11:39:33","slug":"luto-genival-lacerda-morre-aos-89-anos-vitima-da-covid-19","status":"publish","type":"post","link":"https:\/\/www.caririemacao.com\/1\/2021\/01\/07\/luto-genival-lacerda-morre-aos-89-anos-vitima-da-covid-19\/","title":{"rendered":"LUTO: Genival Lacerda morre aos 89 anos v\u00edtima da Covid-19"},"content":{"rendered":"\n<p class=\"wp-block-paragraph\">O cantor e compositor Genival Lacerda morreu aos 89 anos, no&nbsp;Recife, em decorr\u00eancia de complica\u00e7\u00f5es da&nbsp;Covid-19, nesta quinta-feira (7). A informa\u00e7\u00e3o foi confirmada pelo filho do artista, Jo\u00e3o Lacerda.<\/p>\n\n\n\n<p class=\"wp-block-paragraph\">O&nbsp;artista foi internado no dia 30 de novembro de 2020, no Hospital Unimed I, na Ilha do Leite, na \u00e1rea central da capital pernambucana. Com Covid-19, ele foi levado para a Unidade de Terapia Intensiva (UTI).<\/p>\n\n\n\n<p class=\"wp-block-paragraph\">No dia 4 de janeiro,&nbsp;Genival Lacerda teve uma piora no quadro de sa\u00fade, segundo o boletim divulgado pela fam\u00edlia. Na quarta (6), a fam\u00edlia havia iniciado uma&nbsp;campanha de doa\u00e7\u00e3o de sangue&nbsp;para o cantor.<\/p>\n\n\n\n<p class=\"wp-block-paragraph\">Em 26 de maio de 2020, Genival Lacerda havia sofrido um Acidente Vascular Cerebral Isqu\u00eamico (AVC) e deu entrada no Hospital d\u2019\u00c1vila, na Zona Oeste da capital pernambucana. Recuperado, ele teve alta tr\u00eas dias depois de ser internado.<\/p>\n\n\n\n<p class=\"wp-block-paragraph\"><strong>Perfil<\/strong><\/p>\n\n\n\n<p class=\"wp-block-paragraph\">Genival Lacerda foi um dos grandes nomes do forr\u00f3 e, com carisma e irrever\u00eancia, se tornou um \u00eddolo popular. Conhecido por todo o Brasil durante 64 anos de carreira, era um s\u00edmbolo da cultura do Nordeste.<\/p>\n\n\n\n<p class=\"wp-block-paragraph\">O cantor e compositor nasceu em Campina Grande, na Para\u00edba, em 5 de abril de 1931. Chegou a trabalhar na cidade como radialista, mas fez a primeira grava\u00e7\u00e3o como cantor quando j\u00e1 morava em Recife, para onde se mudou em 1953.<\/p>\n\n\n\n<p class=\"wp-block-paragraph\">Genival gravou seu primeiro disco em 1956, um compacto duplo com &#8220;Coco de 56&#8221;, escrito por ele e Jo\u00e3o Vicente, e o xaxado &#8220;Dance o xaxado&#8221;, feito por ele com Manoel Avelino.<\/p>\n\n\n\n<p class=\"wp-block-paragraph\">Ele gravou diversos \u00e1lbuns e ficou conhecido pelo Nordeste como m\u00fasico e radialista durante esta fase no Recife.<\/p>\n\n\n\n<p class=\"wp-block-paragraph\">Em 1964, se mudou para o Rio de Janeiro. A consagra\u00e7\u00e3o nacional veio com &#8220;Severina Xique Xique&#8221;, de 1975. O refr\u00e3o &#8220;ele t\u00e1 de olho \u00e9 na butique dela&#8221; virou sua marca.<\/p>\n\n\n\n<p class=\"wp-block-paragraph\">Em seguida, vieram sucessos como &#8220;Radinho de pilha&#8221;, &#8220;Mate o v\u00e9io&#8221; e &#8220;De quem \u00e9 esse jegue&#8221;, que consolidaram o estilo bem humorado do &#8220;seu Vav\u00e1&#8221;, como tamb\u00e9m era conhecido.<\/p>\n\n\n\n<p class=\"wp-block-paragraph\">O m\u00fasico viveu no Rio durante o auge da popularidade do forr\u00f3 no Sudeste, e conviveu com outros artistas fundamentais do estilo como Dominguinhos e Luiz Gonzaga.<\/p>\n\n\n\n<p class=\"wp-block-paragraph\">Com Jackson do Pandeiro, teve uma rela\u00e7\u00e3o ainda mais pr\u00f3xima, mesmo sendo bem mais novo. A irm\u00e3 de Jackson, Severina, foi casada com um irm\u00e3o de Genival.<\/p>\n\n\n\n<p class=\"wp-block-paragraph\">Desde os anos 90, voltou a morar no Recife. Nos \u00faltimos anos, n\u00e3o tinha novos sucessos nas r\u00e1dios, mas manteve o ritmo de shows e o reconhecimento popular.<\/p>\n\n\n\n<p class=\"wp-block-paragraph\">No final de 2017 recebeu no Pal\u00e1cio do Planalto a medalha da Ordem do M\u00e9rito Cultural (OMC). Na cerim\u00f4nia, Genival tirou seu chap\u00e9u estampado de bolinhas ao passar diante do ent\u00e3o presidente Michel Temer.<\/p>\n\n\n\n<p class=\"wp-block-paragraph\">G1<\/p>\n","protected":false},"excerpt":{"rendered":"<p>O cantor e compositor Genival Lacerda morreu aos 89 anos, no&nbsp;Recife, em decorr\u00eancia de complica\u00e7\u00f5es da&nbsp;Covid-19, nesta quinta-feira (7). A informa\u00e7\u00e3o foi confirmada pelo filho do artista, Jo\u00e3o Lacerda. O&nbsp;artista foi internado no dia 30 de novembro de 2020, no Hospital Unimed I, na Ilha do Leite, na \u00e1rea central da capital pernambucana. Com Covid-19, ele foi levado para a Unidade de Terapia Intensiva (UTI). No dia 4 de janeiro,&nbsp;Genival Lacerda teve uma piora no quadro de sa\u00fade, segundo o boletim divulgado pela fam\u00edlia. Na quarta (6), a fam\u00edlia havia iniciado uma&nbsp;campanha de doa\u00e7\u00e3o de sangue&nbsp;para o cantor. Em 26 de maio de 2020, Genival Lacerda havia sofrido um Acidente Vascular Cerebral Isqu\u00eamico (AVC) e deu entrada no Hospital d\u2019\u00c1vila, na Zona Oeste da capital pernambucana. Recuperado, ele teve alta tr\u00eas dias depois de ser internado. Perfil Genival Lacerda foi um dos grandes nomes do forr\u00f3 e, com carisma e irrever\u00eancia, se tornou um \u00eddolo popular. Conhecido por todo o Brasil durante 64 anos de carreira, era um s\u00edmbolo da cultura do Nordeste. O cantor e compositor nasceu em Campina Grande, na Para\u00edba, em 5 de abril de 1931. Chegou a trabalhar na cidade como radialista, mas fez a primeira grava\u00e7\u00e3o como cantor quando j\u00e1 morava em Recife, para onde se mudou em 1953. Genival gravou seu primeiro disco em 1956, um compacto duplo com &#8220;Coco de 56&#8221;, escrito por ele e Jo\u00e3o Vicente, e o xaxado &#8220;Dance o xaxado&#8221;, feito por ele com Manoel Avelino. Ele gravou diversos \u00e1lbuns e ficou conhecido pelo Nordeste como m\u00fasico e radialista durante esta fase no Recife. Em 1964, se mudou para o Rio de Janeiro. A consagra\u00e7\u00e3o nacional veio com &#8220;Severina Xique Xique&#8221;, de 1975. O refr\u00e3o &#8220;ele t\u00e1 de olho \u00e9 na butique dela&#8221; virou sua marca. Em seguida, vieram sucessos como &#8220;Radinho de pilha&#8221;, &#8220;Mate o v\u00e9io&#8221; e &#8220;De quem \u00e9 esse jegue&#8221;, que consolidaram o estilo bem humorado do &#8220;seu Vav\u00e1&#8221;, como tamb\u00e9m era conhecido. O m\u00fasico viveu no Rio durante o auge da popularidade do forr\u00f3 no Sudeste, e conviveu com outros artistas fundamentais do estilo como Dominguinhos e Luiz Gonzaga. Com Jackson do Pandeiro, teve uma rela\u00e7\u00e3o ainda mais pr\u00f3xima, mesmo sendo bem mais novo. A irm\u00e3 de Jackson, Severina, foi casada com um irm\u00e3o de Genival. Desde os anos 90, voltou a morar no Recife. Nos \u00faltimos anos, n\u00e3o tinha novos sucessos nas r\u00e1dios, mas manteve o ritmo de shows e o reconhecimento popular. No final de 2017 recebeu no Pal\u00e1cio do Planalto a medalha da Ordem do M\u00e9rito Cultural (OMC). Na cerim\u00f4nia, Genival tirou seu chap\u00e9u estampado de bolinhas ao passar diante do ent\u00e3o presidente Michel Temer. G1<\/p>\n","protected":false},"author":6,"featured_media":201518,"comment_status":"closed","ping_status":"closed","sticky":false,"template":"","format":"standard","meta":{"sfsi_plus_gutenberg_text_before_share":"","sfsi_plus_gutenberg_show_text_before_share":"","sfsi_plus_gutenberg_icon_type":"","sfsi_plus_gutenberg_icon_alignemt":"","sfsi_plus_gutenburg_max_per_row":"","footnotes":""},"categories":[15,50,2],"tags":[],"class_list":["post-201517","post","type-post","status-publish","format-standard","has-post-thumbnail","hentry","category-cultura","category-destaque","category-geral"],"_links":{"self":[{"href":"https:\/\/www.caririemacao.com\/1\/wp-json\/wp\/v2\/posts\/201517","targetHints":{"allow":["GET"]}}],"collection":[{"href":"https:\/\/www.caririemacao.com\/1\/wp-json\/wp\/v2\/posts"}],"about":[{"href":"https:\/\/www.caririemacao.com\/1\/wp-json\/wp\/v2\/types\/post"}],"author":[{"embeddable":true,"href":"https:\/\/www.caririemacao.com\/1\/wp-json\/wp\/v2\/users\/6"}],"replies":[{"embeddable":true,"href":"https:\/\/www.caririemacao.com\/1\/wp-json\/wp\/v2\/comments?post=201517"}],"version-history":[{"count":2,"href":"https:\/\/www.caririemacao.com\/1\/wp-json\/wp\/v2\/posts\/201517\/revisions"}],"predecessor-version":[{"id":201520,"href":"https:\/\/www.caririemacao.com\/1\/wp-json\/wp\/v2\/posts\/201517\/revisions\/201520"}],"wp:featuredmedia":[{"embeddable":true,"href":"https:\/\/www.caririemacao.com\/1\/wp-json\/wp\/v2\/media\/201518"}],"wp:attachment":[{"href":"https:\/\/www.caririemacao.com\/1\/wp-json\/wp\/v2\/media?parent=201517"}],"wp:term":[{"taxonomy":"category","embeddable":true,"href":"https:\/\/www.caririemacao.com\/1\/wp-json\/wp\/v2\/categories?post=201517"},{"taxonomy":"post_tag","embeddable":true,"href":"https:\/\/www.caririemacao.com\/1\/wp-json\/wp\/v2\/tags?post=201517"}],"curies":[{"name":"wp","href":"https:\/\/api.w.org\/{rel}","templated":true}]}}