{"id":201523,"date":"2021-01-07T08:59:25","date_gmt":"2021-01-07T11:59:25","guid":{"rendered":"https:\/\/www.caririemacao.com\/1\/?p=201523"},"modified":"2021-01-07T08:59:26","modified_gmt":"2021-01-07T11:59:26","slug":"janeiro-branco-secretaria-de-saude-de-monteiro-inicia-campanha-e-destaca-importancia-da-saude-mental","status":"publish","type":"post","link":"https:\/\/www.caririemacao.com\/1\/2021\/01\/07\/janeiro-branco-secretaria-de-saude-de-monteiro-inicia-campanha-e-destaca-importancia-da-saude-mental\/","title":{"rendered":"JANEIRO BRANCO: Secretaria de Sa\u00fade de Monteiro inicia campanha e destaca import\u00e2ncia da sa\u00fade mental"},"content":{"rendered":"\n<p class=\"wp-block-paragraph\">Todo m\u00eas de janeiro \u00e9 marcado pela campanha Janeiro Branco, que tem como principal objetivo discutir a sa\u00fade mental. As a\u00e7\u00f5es j\u00e1 s\u00e3o realizadas no munic\u00edpio h\u00e1 v\u00e1rios anos, e convidam pessoas a refletir sobre o seu cotidiano, incentivando o debate sobre o tema em todos os momentos.<\/p>\n\n\n\n<p class=\"wp-block-paragraph\">Com essas a\u00e7\u00f5es, a campanha serve como um alerta para que todos comecem seu novo ciclo de uma maneira sadia, tanto emocional quanto psicologicamente. E para que isso seja poss\u00edvel, a Secretaria Municipal de Sa\u00fade de Monteiro realizar\u00e1 diversas atividades durante todo o m\u00eas de janeiro, com os devidos cuidados e obedecendo a todas as recomenda\u00e7\u00f5es para a seguran\u00e7a de todos.<\/p>\n\n\n\n<p class=\"wp-block-paragraph\">Nos Centros de Atendimento Psicossocial \u2013 CAPS I e ADIII, juntamente com o Centro de Especialidades M\u00e9dicas \u2013 CEMED e Unidades B\u00e1sicas de Sa\u00fade, a aten\u00e7\u00e3o e os atendimentos ser\u00e3o redobrados, tendo em vista que estes \u00f3rg\u00e3os s\u00e3o a linha de frente de refer\u00eancia sobre o assunto.<\/p>\n\n\n\n<p class=\"wp-block-paragraph\">A campanha \u201cJaneiro Branco\u201d, busca a conscientiza\u00e7\u00e3o sobre os cuidados com a sa\u00fade mental e que visa estimular a\u00e7\u00f5es que garantem qualidade de vida e surgiu atrav\u00e9s de psic\u00f3logos em parceria com os profissionais da \u00e1rea da sa\u00fade. \u00c9 importante lembrar as pessoas de cuidarem n\u00e3o s\u00f3 da sa\u00fade f\u00edsica, mas tamb\u00e9m da sa\u00fade mental.<\/p>\n\n\n\n<p class=\"wp-block-paragraph\">Em Monteiro o desenvolvimento de a\u00e7\u00f5es relacionadas ao tema cresce a cada ano e a Prefeitura de Monteiro apoia e incentiva a propaga\u00e7\u00e3o dessa campanha como forma de conscientiza\u00e7\u00e3o social por englobar uma causa relevante em \u00e2mbito mundial. Cada um de n\u00f3s tem por obriga\u00e7\u00e3o defender a sa\u00fade mental multiplicando a\u00e7\u00f5es que viabilizem o combate ao adoecimento emocional dos indiv\u00edduos.<\/p>\n","protected":false},"excerpt":{"rendered":"<p>Todo m\u00eas de janeiro \u00e9 marcado pela campanha Janeiro Branco, que tem como principal objetivo discutir a sa\u00fade mental. As a\u00e7\u00f5es j\u00e1 s\u00e3o realizadas no munic\u00edpio h\u00e1 v\u00e1rios anos, e convidam pessoas a refletir sobre o seu cotidiano, incentivando o debate sobre o tema em todos os momentos. Com essas a\u00e7\u00f5es, a campanha serve como um alerta para que todos comecem seu novo ciclo de uma maneira sadia, tanto emocional quanto psicologicamente. E para que isso seja poss\u00edvel, a Secretaria Municipal de Sa\u00fade de Monteiro realizar\u00e1 diversas atividades durante todo o m\u00eas de janeiro, com os devidos cuidados e obedecendo a todas as recomenda\u00e7\u00f5es para a seguran\u00e7a de todos. Nos Centros de Atendimento Psicossocial \u2013 CAPS I e ADIII, juntamente com o Centro de Especialidades M\u00e9dicas \u2013 CEMED e Unidades B\u00e1sicas de Sa\u00fade, a aten\u00e7\u00e3o e os atendimentos ser\u00e3o redobrados, tendo em vista que estes \u00f3rg\u00e3os s\u00e3o a linha de frente de refer\u00eancia sobre o assunto. A campanha \u201cJaneiro Branco\u201d, busca a conscientiza\u00e7\u00e3o sobre os cuidados com a sa\u00fade mental e que visa estimular a\u00e7\u00f5es que garantem qualidade de vida e surgiu atrav\u00e9s de psic\u00f3logos em parceria com os profissionais da \u00e1rea da sa\u00fade. \u00c9 importante lembrar as pessoas de cuidarem n\u00e3o s\u00f3 da sa\u00fade f\u00edsica, mas tamb\u00e9m da sa\u00fade mental. Em Monteiro o desenvolvimento de a\u00e7\u00f5es relacionadas ao tema cresce a cada ano e a Prefeitura de Monteiro apoia e incentiva a propaga\u00e7\u00e3o dessa campanha como forma de conscientiza\u00e7\u00e3o social por englobar uma causa relevante em \u00e2mbito mundial. Cada um de n\u00f3s tem por obriga\u00e7\u00e3o defender a sa\u00fade mental multiplicando a\u00e7\u00f5es que viabilizem o combate ao adoecimento emocional dos indiv\u00edduos.<\/p>\n","protected":false},"author":6,"featured_media":201524,"comment_status":"closed","ping_status":"closed","sticky":false,"template":"","format":"standard","meta":{"sfsi_plus_gutenberg_text_before_share":"","sfsi_plus_gutenberg_show_text_before_share":"","sfsi_plus_gutenberg_icon_type":"","sfsi_plus_gutenberg_icon_alignemt":"","sfsi_plus_gutenburg_max_per_row":"","footnotes":""},"categories":[6],"tags":[],"class_list":["post-201523","post","type-post","status-publish","format-standard","has-post-thumbnail","hentry","category-cidades"],"_links":{"self":[{"href":"https:\/\/www.caririemacao.com\/1\/wp-json\/wp\/v2\/posts\/201523","targetHints":{"allow":["GET"]}}],"collection":[{"href":"https:\/\/www.caririemacao.com\/1\/wp-json\/wp\/v2\/posts"}],"about":[{"href":"https:\/\/www.caririemacao.com\/1\/wp-json\/wp\/v2\/types\/post"}],"author":[{"embeddable":true,"href":"https:\/\/www.caririemacao.com\/1\/wp-json\/wp\/v2\/users\/6"}],"replies":[{"embeddable":true,"href":"https:\/\/www.caririemacao.com\/1\/wp-json\/wp\/v2\/comments?post=201523"}],"version-history":[{"count":1,"href":"https:\/\/www.caririemacao.com\/1\/wp-json\/wp\/v2\/posts\/201523\/revisions"}],"predecessor-version":[{"id":201525,"href":"https:\/\/www.caririemacao.com\/1\/wp-json\/wp\/v2\/posts\/201523\/revisions\/201525"}],"wp:featuredmedia":[{"embeddable":true,"href":"https:\/\/www.caririemacao.com\/1\/wp-json\/wp\/v2\/media\/201524"}],"wp:attachment":[{"href":"https:\/\/www.caririemacao.com\/1\/wp-json\/wp\/v2\/media?parent=201523"}],"wp:term":[{"taxonomy":"category","embeddable":true,"href":"https:\/\/www.caririemacao.com\/1\/wp-json\/wp\/v2\/categories?post=201523"},{"taxonomy":"post_tag","embeddable":true,"href":"https:\/\/www.caririemacao.com\/1\/wp-json\/wp\/v2\/tags?post=201523"}],"curies":[{"name":"wp","href":"https:\/\/api.w.org\/{rel}","templated":true}]}}