{"id":20155,"date":"2017-05-21T10:29:04","date_gmt":"2017-05-21T13:29:04","guid":{"rendered":"http:\/\/caririemacao.com\/1\/?p=20155"},"modified":"2017-05-21T18:31:12","modified_gmt":"2017-05-21T21:31:12","slug":"primo-preso-por-carregar-mala-deve-delatar-aecio","status":"publish","type":"post","link":"https:\/\/www.caririemacao.com\/1\/2017\/05\/21\/primo-preso-por-carregar-mala-deve-delatar-aecio\/","title":{"rendered":"Primo preso por carregar mala deve delatar A\u00e9cio"},"content":{"rendered":"<p>O tiro de miseric\u00f3rdia no senador afastado A\u00e9cio Neves ser\u00e1 dado pelo seu primo Fred Pacheco, que foi preso depois de ser flagrado carregando malas de dinheiro para o presidente licenciado do PSDB nacional.<\/p>\n<p>Familiares de Fred est\u00e3o indignados com a postura de A\u00e9cio, que n\u00e3o assumiu a responsabilidade pelos crimes e tamb\u00e9m disse que o carregador de dinheiro deveria ser algu\u00e9m que eles pudessem matar antes de se tornar delator.<\/p>\n<p>\u201cTem que ser um que a gente mata ele antes de fazer dela\u00e7\u00e3o. Vai ser o Fred com um cara seu. Vamos combinar o Fred com um cara seu porque ele sai de l\u00e1 e vai no cara. E voc\u00ea vai me dar uma ajuda do caralho\u201d, disse A\u00e9cio a Joesley Batista, um dos donos da JBS, num dos grampos interceptados pela Pol\u00edcia Federal.<\/p>\n<p>Filho de um respeitado desembargador aposentado de Minas Gerais, chamado Lucas Pacheco, Fred j\u00e1 foi orientado pelos familiares a delatar todos os esquemas de A\u00e9cio.<\/p>\n<p>Quando esteve com Ricardo Saud, executivo da JBS que lhe entregou uma mala com R$ 500 mil, Fred se queixou do papel que desempenhava para o primo. &#8220;Outro dia eu tava pensando, acordei \u00e0 0h30, o que eu t\u00f4 fazendo? O que eu tenho com isso? Eu n\u00e3o trabalho para o A\u00e9cio, eu n\u00e3o sou funcion\u00e1rio p\u00fablico, eu sou empres\u00e1rio. (&#8230;) Trabalho pra caralho, Ricardo&#8221;, disse Fred. &#8220;Eu tenho com o A\u00e9cio um compromisso de lealdade que o que precisar eu tenho que fazer. Eu falei: &#8216;Olha onde eu t\u00f4 me metendo&#8217;.&#8221;<\/p>\n<p>Acima, trecho em que A\u00e9cio fala que o carregador deveria ser algu\u00e9m que eles pudessem matar antes de se tornar delator.<\/p>\n<p class=\"autor-not\"><strong>CARIRI EM A\u00c7\u00c3O<\/strong><\/p>\n<p>Brasil 247\/Foto:\u00a0Reprodu\u00e7\u00e3o<\/p>\n<p><strong>Leia mais not\u00edcias em\u00a0<\/strong><a href=\"http:\/\/www.caririemacao.com\/\"><strong>caririemacao.com<\/strong><\/a><strong>, siga nossa p\u00e1gina no\u00a0<\/strong><a href=\"https:\/\/www.facebook.com\/CaririEmAcao\/?ref=aymt_homepage_panel\"><strong>Facebook<\/strong><\/a><strong>\u00a0e\u00a0<a href=\"https:\/\/www.instagram.com\/cariri_em_acao\/?hl=pt-br\">Instagram<\/a>\u00a0veja nossas mat\u00e9rias e fotos. Voc\u00ea tamb\u00e9m pode enviar informa\u00e7\u00f5es \u00e0 Reda\u00e7\u00e3o do Portal Cariri em A\u00e7\u00e3o pelo WhatsApp (83) 9 9634.5791, (83) 9 9601-1162.<\/strong><\/p>\n","protected":false},"excerpt":{"rendered":"<p>O tiro de miseric\u00f3rdia no senador afastado A\u00e9cio Neves ser\u00e1 dado pelo seu primo Fred Pacheco, que foi preso depois de ser flagrado carregando malas&hellip; <\/p>\n","protected":false},"author":2,"featured_media":20156,"comment_status":"closed","ping_status":"closed","sticky":false,"template":"","format":"standard","meta":{"sfsi_plus_gutenberg_text_before_share":"","sfsi_plus_gutenberg_show_text_before_share":"","sfsi_plus_gutenberg_icon_type":"","sfsi_plus_gutenberg_icon_alignemt":"","sfsi_plus_gutenburg_max_per_row":"","footnotes":""},"categories":[2],"tags":[],"class_list":["post-20155","post","type-post","status-publish","format-standard","has-post-thumbnail","hentry","category-geral"],"_links":{"self":[{"href":"https:\/\/www.caririemacao.com\/1\/wp-json\/wp\/v2\/posts\/20155","targetHints":{"allow":["GET"]}}],"collection":[{"href":"https:\/\/www.caririemacao.com\/1\/wp-json\/wp\/v2\/posts"}],"about":[{"href":"https:\/\/www.caririemacao.com\/1\/wp-json\/wp\/v2\/types\/post"}],"author":[{"embeddable":true,"href":"https:\/\/www.caririemacao.com\/1\/wp-json\/wp\/v2\/users\/2"}],"replies":[{"embeddable":true,"href":"https:\/\/www.caririemacao.com\/1\/wp-json\/wp\/v2\/comments?post=20155"}],"version-history":[{"count":0,"href":"https:\/\/www.caririemacao.com\/1\/wp-json\/wp\/v2\/posts\/20155\/revisions"}],"wp:featuredmedia":[{"embeddable":true,"href":"https:\/\/www.caririemacao.com\/1\/wp-json\/wp\/v2\/media\/20156"}],"wp:attachment":[{"href":"https:\/\/www.caririemacao.com\/1\/wp-json\/wp\/v2\/media?parent=20155"}],"wp:term":[{"taxonomy":"category","embeddable":true,"href":"https:\/\/www.caririemacao.com\/1\/wp-json\/wp\/v2\/categories?post=20155"},{"taxonomy":"post_tag","embeddable":true,"href":"https:\/\/www.caririemacao.com\/1\/wp-json\/wp\/v2\/tags?post=20155"}],"curies":[{"name":"wp","href":"https:\/\/api.w.org\/{rel}","templated":true}]}}