{"id":20158,"date":"2017-05-21T18:43:53","date_gmt":"2017-05-21T21:43:53","guid":{"rendered":"http:\/\/caririemacao.com\/1\/?p=20158"},"modified":"2017-05-21T18:43:53","modified_gmt":"2017-05-21T21:43:53","slug":"paraibano-vai-a-feijoada-oferecida-por-temer-para-aliados","status":"publish","type":"post","link":"https:\/\/www.caririemacao.com\/1\/2017\/05\/21\/paraibano-vai-a-feijoada-oferecida-por-temer-para-aliados\/","title":{"rendered":"Paraibano vai \u00e0 feijoada oferecida por Temer para aliados"},"content":{"rendered":"<p>O deputado federal paraibano Aguinaldo Ribeiro (PP) resolveu, enfim, reaparecer. Ele foi um dos convidados de uma feijoada que o presidente Michel Temer (PMDB) ofereceu no Pal\u00e1cio da Alvorada ap\u00f3s pronunciamento neste s\u00e1bado.<\/p>\n<p>O evento ocorreu ap\u00f3s o presidente fazer um novo pronunciamento na tarde deste s\u00e1bado (20), em que pede ao Supremo Tribunal Federal (STF) a suspens\u00e3o do inqu\u00e9rito contra ele e voltou a afirmar que n\u00e3o deixar\u00e1 a Presid\u00eancia.<\/p>\n<p>Al\u00e9m de Aguinaldo, passaram pelo Pal\u00e1cio da Alvorada o l\u00edder do governo no Senado, Romero Juc\u00e1 (PMDB-RR), os ministros Mendon\u00e7a Filho (DEM, Educa\u00e7\u00e3o) e Antonio Imbassahy (PSDB, Secretaria de Governo) e o deputado L\u00facio Vieira Lima (PMDB-BA).<\/p>\n<p><strong>CARIRI EM A\u00c7\u00c3O<\/strong><\/p>\n<p>Cariri em A\u00e7\u00e3o\/Foto: L\u00facia Medeiros<\/p>\n<p><strong>Leia mais not\u00edcias em\u00a0<\/strong><a href=\"http:\/\/www.caririemacao.com\/\"><strong>caririemacao.com<\/strong><\/a><strong>, siga nossa p\u00e1gina no\u00a0<\/strong><a href=\"https:\/\/www.facebook.com\/CaririEmAcao\/?ref=aymt_homepage_panel\"><strong>Facebook<\/strong><\/a><strong>\u00a0e\u00a0<a href=\"https:\/\/www.instagram.com\/cariri_em_acao\/?hl=pt-br\">Instagram<\/a>\u00a0veja nossas mat\u00e9rias e fotos. Voc\u00ea tamb\u00e9m pode enviar informa\u00e7\u00f5es \u00e0 Reda\u00e7\u00e3o do Portal Cariri em A\u00e7\u00e3o pelo WhatsApp (83) 9 9634.5791, (83) 9 9601-1162.<\/strong><\/p>\n","protected":false},"excerpt":{"rendered":"<p>O deputado federal paraibano Aguinaldo Ribeiro (PP) resolveu, enfim, reaparecer. Ele foi um dos convidados de uma feijoada que o presidente Michel Temer (PMDB) ofereceu&hellip; <\/p>\n","protected":false},"author":2,"featured_media":20159,"comment_status":"closed","ping_status":"closed","sticky":false,"template":"","format":"standard","meta":{"sfsi_plus_gutenberg_text_before_share":"","sfsi_plus_gutenberg_show_text_before_share":"","sfsi_plus_gutenberg_icon_type":"","sfsi_plus_gutenberg_icon_alignemt":"","sfsi_plus_gutenburg_max_per_row":"","footnotes":""},"categories":[11],"tags":[],"class_list":["post-20158","post","type-post","status-publish","format-standard","has-post-thumbnail","hentry","category-politica"],"_links":{"self":[{"href":"https:\/\/www.caririemacao.com\/1\/wp-json\/wp\/v2\/posts\/20158","targetHints":{"allow":["GET"]}}],"collection":[{"href":"https:\/\/www.caririemacao.com\/1\/wp-json\/wp\/v2\/posts"}],"about":[{"href":"https:\/\/www.caririemacao.com\/1\/wp-json\/wp\/v2\/types\/post"}],"author":[{"embeddable":true,"href":"https:\/\/www.caririemacao.com\/1\/wp-json\/wp\/v2\/users\/2"}],"replies":[{"embeddable":true,"href":"https:\/\/www.caririemacao.com\/1\/wp-json\/wp\/v2\/comments?post=20158"}],"version-history":[{"count":0,"href":"https:\/\/www.caririemacao.com\/1\/wp-json\/wp\/v2\/posts\/20158\/revisions"}],"wp:featuredmedia":[{"embeddable":true,"href":"https:\/\/www.caririemacao.com\/1\/wp-json\/wp\/v2\/media\/20159"}],"wp:attachment":[{"href":"https:\/\/www.caririemacao.com\/1\/wp-json\/wp\/v2\/media?parent=20158"}],"wp:term":[{"taxonomy":"category","embeddable":true,"href":"https:\/\/www.caririemacao.com\/1\/wp-json\/wp\/v2\/categories?post=20158"},{"taxonomy":"post_tag","embeddable":true,"href":"https:\/\/www.caririemacao.com\/1\/wp-json\/wp\/v2\/tags?post=20158"}],"curies":[{"name":"wp","href":"https:\/\/api.w.org\/{rel}","templated":true}]}}