{"id":201597,"date":"2021-01-07T11:57:03","date_gmt":"2021-01-07T14:57:03","guid":{"rendered":"https:\/\/www.caririemacao.com\/1\/?p=201597"},"modified":"2021-01-07T11:57:05","modified_gmt":"2021-01-07T14:57:05","slug":"felicio-queiroz-anuncia-os-secretarios-de-sua-gestao-em-sao-jose-dos-cordeiros","status":"publish","type":"post","link":"https:\/\/www.caririemacao.com\/1\/2021\/01\/07\/felicio-queiroz-anuncia-os-secretarios-de-sua-gestao-em-sao-jose-dos-cordeiros\/","title":{"rendered":"Fel\u00edcio Queiroz anuncia os secret\u00e1rios de sua gest\u00e3o em S\u00e3o Jos\u00e9 dos Cordeiros"},"content":{"rendered":"\n<p class=\"wp-block-paragraph\">O Prefeito de S\u00e3o Jos\u00e9 dos Cordeiros, Fel\u00edcio Queiroz, anunciou com exclusividade os nomes dos secret\u00e1rios que far\u00e3o parte de sua primeira gest\u00e3o \u00e0 frente da prefeitura municipal.<\/p>\n\n\n\n<p class=\"wp-block-paragraph\">Fel\u00edcio foi empossado na \u00faltima sexta-feira (01\/01), e agora j\u00e1 com o mandato em exerc\u00edcios escolheu as pessoas que v\u00e3o lhe ajudar em sua nova caminhada.<\/p>\n\n\n\n<p class=\"wp-block-paragraph\">Os secret\u00e1rios anunciados pele Prefeito de S. J. dos Cordeiros s\u00e3o:<\/p>\n\n\n\n<p class=\"wp-block-paragraph\">Secret\u00e1rio de Administra\u00e7\u00e3o: Fernando Queiroz&nbsp;<\/p>\n\n\n\n<p class=\"wp-block-paragraph\">Secret\u00e1rio de Agricultura: Paola Leite<\/p>\n\n\n\n<p class=\"wp-block-paragraph\">Secret\u00e1rio de Assist\u00eancia Social: Alcione Almeida<\/p>\n\n\n\n<p class=\"wp-block-paragraph\">Secret\u00e1rio de Finan\u00e7as: Joselene Ara\u00fajo<\/p>\n\n\n\n<p class=\"wp-block-paragraph\">Secret\u00e1rio de Educa\u00e7\u00e3o: Fl\u00e1via Dowsley<\/p>\n\n\n\n<p class=\"wp-block-paragraph\">Secret\u00e1rio de Sa\u00fade: Ros\u00e2ngela Ktiussa<\/p>\n\n\n\n<p class=\"wp-block-paragraph\">Secret\u00e1rio de Infraestrutura: Jefferson Roberto<\/p>\n\n\n\n<p class=\"wp-block-paragraph\">Chefe de Transporte: Ivan Vitalino<\/p>\n\n\n\n<p class=\"wp-block-paragraph\"><strong>Focando Para\u00edba<\/strong><\/p>\n","protected":false},"excerpt":{"rendered":"<p>O Prefeito de S\u00e3o Jos\u00e9 dos Cordeiros, Fel\u00edcio Queiroz, anunciou com exclusividade os nomes dos secret\u00e1rios que far\u00e3o parte de sua primeira gest\u00e3o \u00e0 frente da prefeitura municipal. Fel\u00edcio foi empossado na \u00faltima sexta-feira (01\/01), e agora j\u00e1 com o mandato em exerc\u00edcios escolheu as pessoas que v\u00e3o lhe ajudar em sua nova caminhada. Os secret\u00e1rios anunciados pele Prefeito de S. J. dos Cordeiros s\u00e3o: Secret\u00e1rio de Administra\u00e7\u00e3o: Fernando Queiroz&nbsp; Secret\u00e1rio de Agricultura: Paola Leite Secret\u00e1rio de Assist\u00eancia Social: Alcione Almeida Secret\u00e1rio de Finan\u00e7as: Joselene Ara\u00fajo Secret\u00e1rio de Educa\u00e7\u00e3o: Fl\u00e1via Dowsley Secret\u00e1rio de Sa\u00fade: Ros\u00e2ngela Ktiussa Secret\u00e1rio de Infraestrutura: Jefferson Roberto Chefe de Transporte: Ivan Vitalino Focando Para\u00edba<\/p>\n","protected":false},"author":6,"featured_media":201598,"comment_status":"closed","ping_status":"closed","sticky":false,"template":"","format":"standard","meta":{"sfsi_plus_gutenberg_text_before_share":"","sfsi_plus_gutenberg_show_text_before_share":"","sfsi_plus_gutenberg_icon_type":"","sfsi_plus_gutenberg_icon_alignemt":"","sfsi_plus_gutenburg_max_per_row":"","footnotes":""},"categories":[6],"tags":[],"class_list":["post-201597","post","type-post","status-publish","format-standard","has-post-thumbnail","hentry","category-cidades"],"_links":{"self":[{"href":"https:\/\/www.caririemacao.com\/1\/wp-json\/wp\/v2\/posts\/201597","targetHints":{"allow":["GET"]}}],"collection":[{"href":"https:\/\/www.caririemacao.com\/1\/wp-json\/wp\/v2\/posts"}],"about":[{"href":"https:\/\/www.caririemacao.com\/1\/wp-json\/wp\/v2\/types\/post"}],"author":[{"embeddable":true,"href":"https:\/\/www.caririemacao.com\/1\/wp-json\/wp\/v2\/users\/6"}],"replies":[{"embeddable":true,"href":"https:\/\/www.caririemacao.com\/1\/wp-json\/wp\/v2\/comments?post=201597"}],"version-history":[{"count":1,"href":"https:\/\/www.caririemacao.com\/1\/wp-json\/wp\/v2\/posts\/201597\/revisions"}],"predecessor-version":[{"id":201599,"href":"https:\/\/www.caririemacao.com\/1\/wp-json\/wp\/v2\/posts\/201597\/revisions\/201599"}],"wp:featuredmedia":[{"embeddable":true,"href":"https:\/\/www.caririemacao.com\/1\/wp-json\/wp\/v2\/media\/201598"}],"wp:attachment":[{"href":"https:\/\/www.caririemacao.com\/1\/wp-json\/wp\/v2\/media?parent=201597"}],"wp:term":[{"taxonomy":"category","embeddable":true,"href":"https:\/\/www.caririemacao.com\/1\/wp-json\/wp\/v2\/categories?post=201597"},{"taxonomy":"post_tag","embeddable":true,"href":"https:\/\/www.caririemacao.com\/1\/wp-json\/wp\/v2\/tags?post=201597"}],"curies":[{"name":"wp","href":"https:\/\/api.w.org\/{rel}","templated":true}]}}