{"id":201659,"date":"2021-01-07T16:11:36","date_gmt":"2021-01-07T19:11:36","guid":{"rendered":"https:\/\/www.caririemacao.com\/1\/?p=201659"},"modified":"2021-01-07T16:11:38","modified_gmt":"2021-01-07T19:11:38","slug":"facebook-e-instagram-vao-banir-trump-ao-menos-ate-fim-do-mandato-diz-zuckerberg","status":"publish","type":"post","link":"https:\/\/www.caririemacao.com\/1\/2021\/01\/07\/facebook-e-instagram-vao-banir-trump-ao-menos-ate-fim-do-mandato-diz-zuckerberg\/","title":{"rendered":"Facebook e Instagram v\u00e3o banir Trump ao menos at\u00e9 fim do mandato, diz Zuckerberg"},"content":{"rendered":"\n<p class=\"wp-block-paragraph\">O presidente do Facebook, Mark Zuckerberg, anunciou nesta quinta-feira (7) que as contas do presidente dos Estados Unidos, Donald Trump, na plataforma e no Instagram ser\u00e3o banidas pelo menos durante as duas semanas at\u00e9 a posse do democrata Joe Biden, programada para 20 de janeiro.<\/p>\n\n\n\n<p class=\"wp-block-paragraph\">&#8220;Acreditamos que os riscos de permitir que o presidente [Trump] continue a usar nossos servi\u00e7os durante este per\u00edodo s\u00e3o simplesmente grandes demais&#8221;, disse Zuckerberg em um comunicado publicado em sua plataforma.<\/p>\n\n\n\n<p class=\"wp-block-paragraph\">A decis\u00e3o do Facebook ocorre ap\u00f3s a invas\u00e3o do Capit\u00f3lio nesta quarta-feira (6) durante a sess\u00e3o conjunta entre deputados e senadores para a certifica\u00e7\u00e3o da vit\u00f3ria de Biden. Insuflados por Trump, que fez um com\u00edcio em Washington horas antes, centenas de extremistas entraram no pr\u00e9dio que sedia o Congresso americano.<\/p>\n\n\n\n<p class=\"wp-block-paragraph\">Ao menos quatro pessoas morreram durante o epis\u00f3dio, incluindo\u00a0uma veterana da For\u00e7a A\u00e9rea apoiadora de Trump, baleada por um agente da pol\u00edcia do Capit\u00f3lio.<\/p>\n\n\n\n<figure class=\"wp-block-image\"><img decoding=\"async\" src=\"https:\/\/www.clickpb.com.br\/media\/filer_public\/72\/cd\/72cd6c85-9d40-4a03-aa39-8c57a85e578e\/captura-de-tela-2021-01-07-as-133325.jpg\" alt=\"\" title=\"\"\/><figcaption>Mark Zuckerberg, presidente-executivo do Facebook, anuncia bloqueio das contas de Trump. \u2014 Foto: Reprodu\u00e7\u00e3o\/Facebook<\/figcaption><\/figure>\n\n\n\n<p class=\"wp-block-paragraph\">&#8220;Os eventos chocantes das \u00faltimas 24 horas demonstram claramente que o presidente Donald Trump pretende usar seu tempo restante no cargo para minar a transi\u00e7\u00e3o pac\u00edfica e legal de poder para seu sucessor eleito, Joe Biden&#8221;, afirma Zuckerberg em sua declara\u00e7\u00e3o.<\/p>\n\n\n\n<p class=\"wp-block-paragraph\">Alegando risco de viol\u00eancia, o Facebook j\u00e1 havia removido nesta quarta um v\u00eddeo publicado pelo l\u00edder republicano em que ele pedia que os manifestantes fossem para casa, mas voltava a afirmar falsamente que as elei\u00e7\u00f5es foram fraudadas.<\/p>\n\n\n\n<p class=\"wp-block-paragraph\">O mesmo conte\u00fado tamb\u00e9m recebeu alertas antes de ser removido pelo Twitter, que excluiu ainda uma publica\u00e7\u00e3o em que Trump dizia que o vice-presidente Mike Pence &#8220;n\u00e3o teve a coragem de fazer o que deveria ter sido feito&#8221; para proteger os EUA e sua Constitui\u00e7\u00e3o.<\/p>\n\n\n\n<p class=\"wp-block-paragraph\">Trump pressionou seu vice em diversas ocasi\u00f5es para rejeitar os votos do Col\u00e9gio Eleitoral, embora Pence n\u00e3o tenha autoridade legal para anular, unilateralmente, os resultados das urnas, que confirmaram a vit\u00f3ria de Biden.<\/p>\n\n\n\n<p class=\"wp-block-paragraph\">No comunicado em que anunciou o banimento do presidente americano, Zuckerberg afirmou ainda que o Facebook vinha permitindo que Trump usasse a rede social de acordo com as regras da plataforma, embora em algumas ocasi\u00f5es tenha achado necess\u00e1rio adicionar alertas em alguns conte\u00fados.<\/p>\n\n\n\n<p class=\"wp-block-paragraph\">&#8220;Fizemos isso porque acreditamos que o p\u00fablico tem direito ao mais amplo acesso poss\u00edvel ao discurso pol\u00edtico, mesmo ao discurso pol\u00eamico&#8221;, explicou o executivo.<\/p>\n\n\n\n<p class=\"wp-block-paragraph\">&#8220;Mas o contexto atual agora \u00e9 fundamentalmente diferente, envolvendo o uso de nossa plataforma para incitar uma insurrei\u00e7\u00e3o violenta contra um governo eleito democraticamente.&#8221;<\/p>\n\n\n\n<p class=\"wp-block-paragraph\">A sess\u00e3o de certifica\u00e7\u00e3o da vit\u00f3ria de Biden chegou a ser interrompida at\u00e9 que as for\u00e7as de seguran\u00e7a pudessem declarar o Capit\u00f3lio seguro novamente. Ao ser retomada horas depois, cumpriu-se a \u00faltima etapa processual antes da posse no dia 20, quando Trump ter\u00e1 que deixar oficialmente a Casa Branca.<\/p>\n\n\n\n<p class=\"wp-block-paragraph\">Depois que C\u00e2mara e Senado rejeitaram com folga as duas contesta\u00e7\u00f5es apresentadas por um pequeno grupo de congressistas republicanos, Biden foi mais uma vez declarado eleito. Ao final da sess\u00e3o, o governo Trump divulgou um comunicado em que o presidente se compromete, enfim, com uma transi\u00e7\u00e3o ordeira, embora ele tenha reiterado a narrativa sem evid\u00eancias de que o pleito foi fraudado.<\/p>\n\n\n\n<p class=\"wp-block-paragraph\">&#8220;Embora eu discorde totalmente do resultado das elei\u00e7\u00f5es, e os fatos est\u00e3o do meu lado, ainda assim haver\u00e1 uma transi\u00e7\u00e3o ordeira em 20 de janeiro&#8221;, disse o republicano.<\/p>\n\n\n\n<p class=\"wp-block-paragraph\">O comunicado foi publicado pelo perfil no Twitter de Dan Scavino, diretor de redes sociais da Casa Branca, uma vez a conta de Trump j\u00e1 havia sido temporariamente bloqueada ap\u00f3s os epis\u00f3dios de viol\u00eancia.<\/p>\n\n\n\n<p class=\"wp-block-paragraph\">Nesta quinta-feira (7), horas antes do an\u00fancio da decis\u00e3o do Facebook, o presidente do Brasil, Jair Bolsonaro, criticou o bloqueio tempor\u00e1rio das redes sociais de Trump.<\/p>\n\n\n\n<p class=\"wp-block-paragraph\">&#8220;Pode ver: ontem, nos Estados Unidos, bloquearam o Trump nas m\u00eddias sociais. Um presidente eleito, ainda presidente, tem suas m\u00eddias bloqueadas&#8221;, disse Bolsonaro, depois de aproveitar a repercuss\u00e3o do ataque in\u00e9dito \u00e0 democracia americana para repetir, sem provas, as suspeitas que costuma propagar sobre a vota\u00e7\u00e3o eletr\u00f4nica brasileira \u2014 modelo diferente do adotado nos EUA, onde o voto \u00e9 facultativo e depositado por meio de c\u00e9dulas de papel.<\/p>\n\n\n\n<p class=\"wp-block-paragraph\">&#8220;Se n\u00f3s n\u00e3o tivermos o voto impresso em 2022, uma maneira de auditar o voto, n\u00f3s vamos ter problema pior que os Estados Unidos&#8221;, disse Bolsonaro a apoiadores.<\/p>\n\n\n\n<p class=\"wp-block-paragraph\">Com discurso semelhante, Andr\u00e9s Manuel L\u00f3pez Obrador, presidente do M\u00e9xico, tamb\u00e9m se posicionou contra o que chamou de &#8220;censura&#8221; das redes sociais, embora n\u00e3o tenha mencionado Trump.<\/p>\n\n\n\n<p class=\"wp-block-paragraph\">&#8220;Algo que n\u00e3o gostei ontem nos neg\u00f3cios do Capit\u00f3lio. N\u00e3o gosto de censura&#8221;, disse AMLO, como \u00e9 conhecido o l\u00edder mexicano. &#8220;N\u00e3o gosto que ningu\u00e9m seja censurado e perca o direito de mandar uma mensagem no Twitter ou no Facebook&#8221;, completou.<\/p>\n\n\n\n<p class=\"wp-block-paragraph\">Assim como Bolsonaro, Obrador tamb\u00e9m foi alvo de cr\u00edticas por n\u00e3o condenar publicamente os ataques \u00e0 democracia americana -algo que lideran\u00e7as de diversos pa\u00edses fizeram rapidamente.<\/p>\n\n\n\n<p class=\"wp-block-paragraph\">ClickPB<\/p>\n","protected":false},"excerpt":{"rendered":"<p>O presidente do Facebook, Mark Zuckerberg, anunciou nesta quinta-feira (7) que as contas do presidente dos Estados Unidos, Donald Trump, na plataforma e no Instagram ser\u00e3o banidas pelo menos durante as duas semanas at\u00e9 a posse do democrata Joe Biden, programada para 20 de janeiro. &#8220;Acreditamos que os riscos de permitir que o presidente [Trump] continue a usar nossos servi\u00e7os durante este per\u00edodo s\u00e3o simplesmente grandes demais&#8221;, disse Zuckerberg em um comunicado publicado em sua plataforma. A decis\u00e3o do Facebook ocorre ap\u00f3s a invas\u00e3o do Capit\u00f3lio nesta quarta-feira (6) durante a sess\u00e3o conjunta entre deputados e senadores para a certifica\u00e7\u00e3o da vit\u00f3ria de Biden. Insuflados por Trump, que fez um com\u00edcio em Washington horas antes, centenas de extremistas entraram no pr\u00e9dio que sedia o Congresso americano. Ao menos quatro pessoas morreram durante o epis\u00f3dio, incluindo\u00a0uma veterana da For\u00e7a A\u00e9rea apoiadora de Trump, baleada por um agente da pol\u00edcia do Capit\u00f3lio. &#8220;Os eventos chocantes das \u00faltimas 24 horas demonstram claramente que o presidente Donald Trump pretende usar seu tempo restante no cargo para minar a transi\u00e7\u00e3o pac\u00edfica e legal de poder para seu sucessor eleito, Joe Biden&#8221;, afirma Zuckerberg em sua declara\u00e7\u00e3o. Alegando risco de viol\u00eancia, o Facebook j\u00e1 havia removido nesta quarta um v\u00eddeo publicado pelo l\u00edder republicano em que ele pedia que os manifestantes fossem para casa, mas voltava a afirmar falsamente que as elei\u00e7\u00f5es foram fraudadas. O mesmo conte\u00fado tamb\u00e9m recebeu alertas antes de ser removido pelo Twitter, que excluiu ainda uma publica\u00e7\u00e3o em que Trump dizia que o vice-presidente Mike Pence &#8220;n\u00e3o teve a coragem de fazer o que deveria ter sido feito&#8221; para proteger os EUA e sua Constitui\u00e7\u00e3o. Trump pressionou seu vice em diversas ocasi\u00f5es para rejeitar os votos do Col\u00e9gio Eleitoral, embora Pence n\u00e3o tenha autoridade legal para anular, unilateralmente, os resultados das urnas, que confirmaram a vit\u00f3ria de Biden. No comunicado em que anunciou o banimento do presidente americano, Zuckerberg afirmou ainda que o Facebook vinha permitindo que Trump usasse a rede social de acordo com as regras da plataforma, embora em algumas ocasi\u00f5es tenha achado necess\u00e1rio adicionar alertas em alguns conte\u00fados. &#8220;Fizemos isso porque acreditamos que o p\u00fablico tem direito ao mais amplo acesso poss\u00edvel ao discurso pol\u00edtico, mesmo ao discurso pol\u00eamico&#8221;, explicou o executivo. &#8220;Mas o contexto atual agora \u00e9 fundamentalmente diferente, envolvendo o uso de nossa plataforma para incitar uma insurrei\u00e7\u00e3o violenta contra um governo eleito democraticamente.&#8221; A sess\u00e3o de certifica\u00e7\u00e3o da vit\u00f3ria de Biden chegou a ser interrompida at\u00e9 que as for\u00e7as de seguran\u00e7a pudessem declarar o Capit\u00f3lio seguro novamente. Ao ser retomada horas depois, cumpriu-se a \u00faltima etapa processual antes da posse no dia 20, quando Trump ter\u00e1 que deixar oficialmente a Casa Branca. Depois que C\u00e2mara e Senado rejeitaram com folga as duas contesta\u00e7\u00f5es apresentadas por um pequeno grupo de congressistas republicanos, Biden foi mais uma vez declarado eleito. Ao final da sess\u00e3o, o governo Trump divulgou um comunicado em que o presidente se compromete, enfim, com uma transi\u00e7\u00e3o ordeira, embora ele tenha reiterado a narrativa sem evid\u00eancias de que o pleito foi fraudado. &#8220;Embora eu discorde totalmente do resultado das elei\u00e7\u00f5es, e os fatos est\u00e3o do meu lado, ainda assim haver\u00e1 uma transi\u00e7\u00e3o ordeira em 20 de janeiro&#8221;, disse o republicano. O comunicado foi publicado pelo perfil no Twitter de Dan Scavino, diretor de redes sociais da Casa Branca, uma vez a conta de Trump j\u00e1 havia sido temporariamente bloqueada ap\u00f3s os epis\u00f3dios de viol\u00eancia. Nesta quinta-feira (7), horas antes do an\u00fancio da decis\u00e3o do Facebook, o presidente do Brasil, Jair Bolsonaro, criticou o bloqueio tempor\u00e1rio das redes sociais de Trump. &#8220;Pode ver: ontem, nos Estados Unidos, bloquearam o Trump nas m\u00eddias sociais. Um presidente eleito, ainda presidente, tem suas m\u00eddias bloqueadas&#8221;, disse Bolsonaro, depois de aproveitar a repercuss\u00e3o do ataque in\u00e9dito \u00e0 democracia americana para repetir, sem provas, as suspeitas que costuma propagar sobre a vota\u00e7\u00e3o eletr\u00f4nica brasileira \u2014 modelo diferente do adotado nos EUA, onde o voto \u00e9 facultativo e depositado por meio de c\u00e9dulas de papel. &#8220;Se n\u00f3s n\u00e3o tivermos o voto impresso em 2022, uma maneira de auditar o voto, n\u00f3s vamos ter problema pior que os Estados Unidos&#8221;, disse Bolsonaro a apoiadores. Com discurso semelhante, Andr\u00e9s Manuel L\u00f3pez Obrador, presidente do M\u00e9xico, tamb\u00e9m se posicionou contra o que chamou de &#8220;censura&#8221; das redes sociais, embora n\u00e3o tenha mencionado Trump. &#8220;Algo que n\u00e3o gostei ontem nos neg\u00f3cios do Capit\u00f3lio. N\u00e3o gosto de censura&#8221;, disse AMLO, como \u00e9 conhecido o l\u00edder mexicano. &#8220;N\u00e3o gosto que ningu\u00e9m seja censurado e perca o direito de mandar uma mensagem no Twitter ou no Facebook&#8221;, completou. Assim como Bolsonaro, Obrador tamb\u00e9m foi alvo de cr\u00edticas por n\u00e3o condenar publicamente os ataques \u00e0 democracia americana -algo que lideran\u00e7as de diversos pa\u00edses fizeram rapidamente. ClickPB<\/p>\n","protected":false},"author":6,"featured_media":201660,"comment_status":"closed","ping_status":"closed","sticky":false,"template":"","format":"standard","meta":{"sfsi_plus_gutenberg_text_before_share":"","sfsi_plus_gutenberg_show_text_before_share":"","sfsi_plus_gutenberg_icon_type":"","sfsi_plus_gutenberg_icon_alignemt":"","sfsi_plus_gutenburg_max_per_row":"","footnotes":""},"categories":[50,103],"tags":[],"class_list":["post-201659","post","type-post","status-publish","format-standard","has-post-thumbnail","hentry","category-destaque","category-mundo"],"_links":{"self":[{"href":"https:\/\/www.caririemacao.com\/1\/wp-json\/wp\/v2\/posts\/201659","targetHints":{"allow":["GET"]}}],"collection":[{"href":"https:\/\/www.caririemacao.com\/1\/wp-json\/wp\/v2\/posts"}],"about":[{"href":"https:\/\/www.caririemacao.com\/1\/wp-json\/wp\/v2\/types\/post"}],"author":[{"embeddable":true,"href":"https:\/\/www.caririemacao.com\/1\/wp-json\/wp\/v2\/users\/6"}],"replies":[{"embeddable":true,"href":"https:\/\/www.caririemacao.com\/1\/wp-json\/wp\/v2\/comments?post=201659"}],"version-history":[{"count":1,"href":"https:\/\/www.caririemacao.com\/1\/wp-json\/wp\/v2\/posts\/201659\/revisions"}],"predecessor-version":[{"id":201661,"href":"https:\/\/www.caririemacao.com\/1\/wp-json\/wp\/v2\/posts\/201659\/revisions\/201661"}],"wp:featuredmedia":[{"embeddable":true,"href":"https:\/\/www.caririemacao.com\/1\/wp-json\/wp\/v2\/media\/201660"}],"wp:attachment":[{"href":"https:\/\/www.caririemacao.com\/1\/wp-json\/wp\/v2\/media?parent=201659"}],"wp:term":[{"taxonomy":"category","embeddable":true,"href":"https:\/\/www.caririemacao.com\/1\/wp-json\/wp\/v2\/categories?post=201659"},{"taxonomy":"post_tag","embeddable":true,"href":"https:\/\/www.caririemacao.com\/1\/wp-json\/wp\/v2\/tags?post=201659"}],"curies":[{"name":"wp","href":"https:\/\/api.w.org\/{rel}","templated":true}]}}