{"id":201728,"date":"2021-01-08T09:49:09","date_gmt":"2021-01-08T12:49:09","guid":{"rendered":"https:\/\/www.caririemacao.com\/1\/?p=201728"},"modified":"2021-01-08T09:49:12","modified_gmt":"2021-01-08T12:49:12","slug":"bolsonaro-diz-que-governo-nao-vai-criar-problema-para-clinicas-particulares-comprarem-vacina-contra-covid-19","status":"publish","type":"post","link":"https:\/\/www.caririemacao.com\/1\/2021\/01\/08\/bolsonaro-diz-que-governo-nao-vai-criar-problema-para-clinicas-particulares-comprarem-vacina-contra-covid-19\/","title":{"rendered":"Bolsonaro diz que governo \u201cn\u00e3o vai criar problema\u201d para cl\u00ednicas particulares comprarem vacina contra Covid-19"},"content":{"rendered":"\n<p class=\"wp-block-paragraph\">O presidente Jair Bolsonaro (sem partido) afirmou hoje em transmiss\u00e3o pelas redes sociais que o governo federal n\u00e3o vai \u201ccriar problema\u201d para as cl\u00ednicas privadas comprarem vacinas contra covid-19 a fim de imunizar seus clientes.<\/p>\n\n\n\n<p class=\"wp-block-paragraph\">Ao lado do ministro da Sa\u00fade, Eduardo Pazuello, o presidente disse que qualquer vacina que for aprovada pela Ag\u00eancia Nacional de Vigil\u00e2ncia Sanit\u00e1ria (Anvisa) poder\u00e1 ser adquirida pelo setor privado, desde que o Sistema \u00danico de Sa\u00fade (SUS) j\u00e1 tenha sua demanda alcan\u00e7ada.<\/p>\n\n\n\n<p class=\"wp-block-paragraph\">\u201cA gente n\u00e3o vai criar problema no tocante a isso a\u00ed. Se uma empresa quiser comprar l\u00e1 fora a vacina e vender aqui, quem tiver recurso vai tomar vacina l\u00e1\u201d, disse Bolsonaro.<\/p>\n\n\n\n<p class=\"wp-block-paragraph\">Uma delega\u00e7\u00e3o da Associa\u00e7\u00e3o Brasileira das Cl\u00ednicas de Vacinas (ABCVAC) embarcou esta semana para a \u00cdndia para negociar a compra de 5 milh\u00f5es de doses de uma potencial vacina contra o Covid-19 desenvolvida pela indiana Bharat Biotech para ser comercializada nos estabelecimentos brasileiros.<\/p>\n\n\n\n<p class=\"wp-block-paragraph\">Na transmiss\u00e3o na rede social de Bolsonaro, Pazuello defendeu que, no momento em que se cumprir todas as demandas para suprir o SUS com vacinas para a popula\u00e7\u00e3o brasileira, as cl\u00ednicas privadas possam comprar imunizantes diretamente de laborat\u00f3rios internacionais ou a producente excedente no Brasil e disponibilizar para seus clientes.<\/p>\n\n\n\n<p class=\"wp-block-paragraph\">\u201cDepois que a demanda do SUS for atendida, claro que as vacinas devem ser compradas pela iniciativa privada\u201d, ressaltou o ministro.<\/p>\n","protected":false},"excerpt":{"rendered":"<p>O presidente Jair Bolsonaro (sem partido) afirmou hoje em transmiss\u00e3o pelas redes sociais que o governo federal n\u00e3o vai \u201ccriar problema\u201d para as cl\u00ednicas privadas comprarem vacinas contra covid-19 a fim de imunizar seus clientes. Ao lado do ministro da Sa\u00fade, Eduardo Pazuello, o presidente disse que qualquer vacina que for aprovada pela Ag\u00eancia Nacional de Vigil\u00e2ncia Sanit\u00e1ria (Anvisa) poder\u00e1 ser adquirida pelo setor privado, desde que o Sistema \u00danico de Sa\u00fade (SUS) j\u00e1 tenha sua demanda alcan\u00e7ada. \u201cA gente n\u00e3o vai criar problema no tocante a isso a\u00ed. Se uma empresa quiser comprar l\u00e1 fora a vacina e vender aqui, quem tiver recurso vai tomar vacina l\u00e1\u201d, disse Bolsonaro. Uma delega\u00e7\u00e3o da Associa\u00e7\u00e3o Brasileira das Cl\u00ednicas de Vacinas (ABCVAC) embarcou esta semana para a \u00cdndia para negociar a compra de 5 milh\u00f5es de doses de uma potencial vacina contra o Covid-19 desenvolvida pela indiana Bharat Biotech para ser comercializada nos estabelecimentos brasileiros. Na transmiss\u00e3o na rede social de Bolsonaro, Pazuello defendeu que, no momento em que se cumprir todas as demandas para suprir o SUS com vacinas para a popula\u00e7\u00e3o brasileira, as cl\u00ednicas privadas possam comprar imunizantes diretamente de laborat\u00f3rios internacionais ou a producente excedente no Brasil e disponibilizar para seus clientes. \u201cDepois que a demanda do SUS for atendida, claro que as vacinas devem ser compradas pela iniciativa privada\u201d, ressaltou o ministro.<\/p>\n","protected":false},"author":6,"featured_media":201745,"comment_status":"closed","ping_status":"closed","sticky":false,"template":"","format":"standard","meta":{"sfsi_plus_gutenberg_text_before_share":"","sfsi_plus_gutenberg_show_text_before_share":"","sfsi_plus_gutenberg_icon_type":"","sfsi_plus_gutenberg_icon_alignemt":"","sfsi_plus_gutenburg_max_per_row":"","footnotes":""},"categories":[50,98],"tags":[],"class_list":["post-201728","post","type-post","status-publish","format-standard","has-post-thumbnail","hentry","category-destaque","category-presidente"],"_links":{"self":[{"href":"https:\/\/www.caririemacao.com\/1\/wp-json\/wp\/v2\/posts\/201728","targetHints":{"allow":["GET"]}}],"collection":[{"href":"https:\/\/www.caririemacao.com\/1\/wp-json\/wp\/v2\/posts"}],"about":[{"href":"https:\/\/www.caririemacao.com\/1\/wp-json\/wp\/v2\/types\/post"}],"author":[{"embeddable":true,"href":"https:\/\/www.caririemacao.com\/1\/wp-json\/wp\/v2\/users\/6"}],"replies":[{"embeddable":true,"href":"https:\/\/www.caririemacao.com\/1\/wp-json\/wp\/v2\/comments?post=201728"}],"version-history":[{"count":1,"href":"https:\/\/www.caririemacao.com\/1\/wp-json\/wp\/v2\/posts\/201728\/revisions"}],"predecessor-version":[{"id":201747,"href":"https:\/\/www.caririemacao.com\/1\/wp-json\/wp\/v2\/posts\/201728\/revisions\/201747"}],"wp:featuredmedia":[{"embeddable":true,"href":"https:\/\/www.caririemacao.com\/1\/wp-json\/wp\/v2\/media\/201745"}],"wp:attachment":[{"href":"https:\/\/www.caririemacao.com\/1\/wp-json\/wp\/v2\/media?parent=201728"}],"wp:term":[{"taxonomy":"category","embeddable":true,"href":"https:\/\/www.caririemacao.com\/1\/wp-json\/wp\/v2\/categories?post=201728"},{"taxonomy":"post_tag","embeddable":true,"href":"https:\/\/www.caririemacao.com\/1\/wp-json\/wp\/v2\/tags?post=201728"}],"curies":[{"name":"wp","href":"https:\/\/api.w.org\/{rel}","templated":true}]}}