{"id":201888,"date":"2021-01-09T16:02:35","date_gmt":"2021-01-09T19:02:35","guid":{"rendered":"https:\/\/www.caririemacao.com\/1\/?p=201888"},"modified":"2021-01-09T16:02:39","modified_gmt":"2021-01-09T19:02:39","slug":"em-reuniao-com-lider-do-governo-bolsonaro-confirma-apoio-a-candidato-de-alcolumbre-para-o-senado","status":"publish","type":"post","link":"https:\/\/www.caririemacao.com\/1\/2021\/01\/09\/em-reuniao-com-lider-do-governo-bolsonaro-confirma-apoio-a-candidato-de-alcolumbre-para-o-senado\/","title":{"rendered":"Em reuni\u00e3o com l\u00edder do governo, Bolsonaro confirma apoio a candidato de Alcolumbre para o Senado"},"content":{"rendered":"\n<p>&nbsp;Durante reuni\u00e3o na tarde desta sexta-feira (8), com o l\u00edder do governo no Senado, Fernando Bezerra Coelho (MDB-PE), o presidente Jair Bolsonaro (sem partido) confirmou que rompeu sua neutralidade na elei\u00e7\u00e3o para a presid\u00eancia do Senado e que vai apoiar Rodrigo Pacheco (DEM-MG).<\/p>\n\n\n\n<p>Pacheco \u00e9 apadrinhado pelo atual presidente da Casa, senador Davi Alcolumbre (DEM-AP), que se engajou na candidatura e inclusive havia levado o parlamentar mineiro para um almo\u00e7o com o presidente no Pal\u00e1cio da Alvorada, no fim do ano.<\/p>\n\n\n\n<p>O encontro desta tarde havia sido pedido por Bezerra, que transmitiria a insatisfa\u00e7\u00e3o da bancada do MDB com a postura de Bolsonaro. Apesar de ter declarado neutralidade, o presidente estaria sendo leniente com Alcolumbre e Pacheco. Os dois senadores estariam usando a influ\u00eancia do governo nas negocia\u00e7\u00f5es.<\/p>\n\n\n\n<p>Interlocutores afirmam que os dois senadores do DEM chegaram a discutir a possibilidade de levar demandas de minist\u00e9rios a Bolsonaro nas negocia\u00e7\u00f5es.<\/p>\n\n\n\n<p>Duas fontes na bancada do MDB confirmaram que Bolsonaro afirmou claramente para Bezerra que Pacheco era seu candidato na disputa do Senado. Bezerra tentou argumentar defendendo a regra da proporcionalidade, segundo a qual a maior bancada teria direito \u00e0 presid\u00eancia.<\/p>\n\n\n\n<p>Al\u00e9m disso, Bezerra afirmou que a bancada do MDB vai aumentar no in\u00edcio da pr\u00f3xima semana \u2013provavelmente com a filia\u00e7\u00e3o de Veneziano Vital do Rego (PSB-PB) e Rose de Freitas (Podemos-ES)\u2013 e que j\u00e1 h\u00e1 acerto com PSDB e Podemos. Bezerra afirmou que as contas do MDB, com mais senadores avulsos, indicam 37 votos. Bolsonaro teria apenas dito que n\u00e3o mudaria sua posi\u00e7\u00e3o.<\/p>\n\n\n\n<p>A decis\u00e3o do presidente praticamente tira da disputa os dois l\u00edderes do governo, no Senado e no Congresso, respectivamente Bezerra e Eduardo Gomes (TO), que eram pr\u00e9-candidatos do MDB.<br>Fontes afirmam que Bezerra j\u00e1 teria indicado a interlocutores que vai abdicar da pr\u00e9-candidatura nos pr\u00f3ximos dias.<\/p>\n\n\n\n<p>Ganham for\u00e7a, por outro lado, os outros dois pr\u00e9-candidatos, o l\u00edder da bancada, Eduardo Braga (MDB-AM); e a presidente da CCJ (Comiss\u00e3o de Constitui\u00e7\u00e3o e Justi\u00e7a), Simone Tebet (MDB-MS), considerada mais independente.<\/p>\n\n\n\n<p>Tebet tem grandes chances de receber os votos do movimento suprapartid\u00e1rio Muda Senado. Por outro lado, Braga \u00e9 o \u00fanico do MDB com entrada nos partidos de esquerda, como o PT.<\/p>\n\n\n\n<p>A bancada petista, por sinal, deve passar por uma reviravolta nos pr\u00f3ximos dias. O partido esteve muito perto de um acerto para apoiar Pacheco, ap\u00f3s uma intermedia\u00e7\u00e3o de Alcolumbre com o l\u00edder da sigla, Rog\u00e9rio Carvalho (PT-SE).<\/p>\n\n\n\n<p>A pedido de Alcolumbre, a bancada chegou a antecipar para quinta-feira (7) uma reuni\u00e3o, na qual se esperava anunciar o apoio para Pacheco. No entanto, alguns senadores petistas, ap\u00f3s serem contatados, decidiram se reunir tamb\u00e9m com Braga antes de tomar uma decis\u00e3o.<\/p>\n\n\n\n<p>Em encontro virtual na manh\u00e3 desta sexta, Braga teria dito claramente aos petistas que estava claro que Pacheco era o candidato de Bolsonaro.<\/p>\n\n\n\n<p>Agora, com a oficializa\u00e7\u00e3o, o apoio a Pacheco se torna praticamente invi\u00e1vel. A bancada do PT vai se reunir na pr\u00f3xima segunda-feira (11) para decidir sua posi\u00e7\u00e3o.<\/p>\n\n\n\n<p>Um dos sinais mais claros da aproxima\u00e7\u00e3o do Planalto com Pacheco aconteceu tamb\u00e9m na manh\u00e3 desta sexta, quando o Republicanos anunciou apoio ao senador mineiro. O Republicanos \u00e9 o partido de Fl\u00e1vio Bolsonaro (RJ), filho mais velho do presidente da Rep\u00fablica.<\/p>\n\n\n\n<p>&#8220;O l\u00edder da bancada do Republicanos no Senado Federal, senador Mecias de Jesus, ap\u00f3s ouvir a bancada, declara apoio \u00e0 candidatura do senador Rodrigo Pacheco (DEM-MG), para a presid\u00eancia do Senado Federal&#8221;, informou nota da lideran\u00e7a da bancada.<\/p>\n\n\n\n<p>&#8220;O Republicanos acredita que o senador Rodrigo Pacheco tem o preparo necess\u00e1rio para conduzir os trabalhos da Casa, com coer\u00eancia e determina\u00e7\u00e3o e que, de forma conciliadora, saber\u00e1 lidar com as demais institui\u00e7\u00f5es sempre com respeito a Constitui\u00e7\u00e3o Federal&#8221;, completa o texto.<\/p>\n\n\n\n<p>Desconsiderando poss\u00edveis trai\u00e7\u00f5es, Pacheco conta agora com o apoio de quatro bancadas, que re\u00fanem 22 senadores. S\u00e3o necess\u00e1rios 41 votos para vencer a disputa, caso todos os senadores compare\u00e7am para votar no dia 1\u00ba de fevereiro.<\/p>\n\n\n\n<p>O apoio mais impactante ao longo da semana foi da bancada do PSD, segunda maior do Senado, com 11 senadores. Na ter\u00e7a-feira (5), ap\u00f3s uma reuni\u00e3o na resid\u00eancia do prefeito de Belo Horizonte, Alexandre Kalil (PSD), foi fechado o acordo, depois ratificado em reuni\u00e3o virtual da bancada.<\/p>\n\n\n\n<p>No dia seguinte, o PROS tamb\u00e9m aderiu \u00e0 candidatura de Pacheco, assim como j\u00e1 havia feito o DEM, seu partido.<\/p>\n\n\n\n<p>ClickPB<\/p>\n","protected":false},"excerpt":{"rendered":"<p>&nbsp;Durante reuni\u00e3o na tarde desta sexta-feira (8), com o l\u00edder do governo no Senado, Fernando Bezerra Coelho (MDB-PE), o presidente Jair Bolsonaro (sem partido) confirmou&hellip; <\/p>\n","protected":false},"author":6,"featured_media":201889,"comment_status":"closed","ping_status":"closed","sticky":false,"template":"","format":"standard","meta":{"sfsi_plus_gutenberg_text_before_share":"","sfsi_plus_gutenberg_show_text_before_share":"","sfsi_plus_gutenberg_icon_type":"","sfsi_plus_gutenberg_icon_alignemt":"","sfsi_plus_gutenburg_max_per_row":"","footnotes":""},"categories":[50,11],"tags":[],"class_list":["post-201888","post","type-post","status-publish","format-standard","has-post-thumbnail","hentry","category-destaque","category-politica"],"_links":{"self":[{"href":"https:\/\/www.caririemacao.com\/1\/wp-json\/wp\/v2\/posts\/201888","targetHints":{"allow":["GET"]}}],"collection":[{"href":"https:\/\/www.caririemacao.com\/1\/wp-json\/wp\/v2\/posts"}],"about":[{"href":"https:\/\/www.caririemacao.com\/1\/wp-json\/wp\/v2\/types\/post"}],"author":[{"embeddable":true,"href":"https:\/\/www.caririemacao.com\/1\/wp-json\/wp\/v2\/users\/6"}],"replies":[{"embeddable":true,"href":"https:\/\/www.caririemacao.com\/1\/wp-json\/wp\/v2\/comments?post=201888"}],"version-history":[{"count":1,"href":"https:\/\/www.caririemacao.com\/1\/wp-json\/wp\/v2\/posts\/201888\/revisions"}],"predecessor-version":[{"id":201890,"href":"https:\/\/www.caririemacao.com\/1\/wp-json\/wp\/v2\/posts\/201888\/revisions\/201890"}],"wp:featuredmedia":[{"embeddable":true,"href":"https:\/\/www.caririemacao.com\/1\/wp-json\/wp\/v2\/media\/201889"}],"wp:attachment":[{"href":"https:\/\/www.caririemacao.com\/1\/wp-json\/wp\/v2\/media?parent=201888"}],"wp:term":[{"taxonomy":"category","embeddable":true,"href":"https:\/\/www.caririemacao.com\/1\/wp-json\/wp\/v2\/categories?post=201888"},{"taxonomy":"post_tag","embeddable":true,"href":"https:\/\/www.caririemacao.com\/1\/wp-json\/wp\/v2\/tags?post=201888"}],"curies":[{"name":"wp","href":"https:\/\/api.w.org\/{rel}","templated":true}]}}