{"id":201894,"date":"2021-01-09T16:06:08","date_gmt":"2021-01-09T19:06:08","guid":{"rendered":"https:\/\/www.caririemacao.com\/1\/?p=201894"},"modified":"2021-01-09T16:06:09","modified_gmt":"2021-01-09T19:06:09","slug":"mae-que-matou-o-bebe-apos-o-parto-na-zona-rural-de-pedra-branca-no-sertao-e-indiciada-por-homicidio-doloso","status":"publish","type":"post","link":"https:\/\/www.caririemacao.com\/1\/2021\/01\/09\/mae-que-matou-o-bebe-apos-o-parto-na-zona-rural-de-pedra-branca-no-sertao-e-indiciada-por-homicidio-doloso\/","title":{"rendered":"M\u00e3e que matou o beb\u00ea ap\u00f3s o parto na zona rural de Pedra Branca no Sert\u00e3o \u00e9 indiciada por homic\u00eddio doloso"},"content":{"rendered":"\n<p>A investiga\u00e7\u00e3o sobre a morte do beb\u00ea que foi deixado no ch\u00e3o de uma casa,&nbsp;na zona rural da cidade de Pedra Branca, regi\u00e3o do Vale do Pianc\u00f3,&nbsp;no Sert\u00e3o da Para\u00edba foi conclu\u00edda. Em entrevista ao ClickPB, o delegado respons\u00e1vel pelo caso, Carlos Seabra explicou que a&nbsp;m\u00e3e&nbsp;foi indiciada por homic\u00eddio doloso.<\/p>\n\n\n\n<p>Ap\u00f3s a conclus\u00e3o do laudo do Instituto de Per\u00edcia Criminal (IPC) foi identificado que&nbsp;a crian\u00e7a nasceu e respirou, o que significa que o crime poderia ser classificado como infantic\u00eddio ou homic\u00eddio. O infantic\u00eddio foi descartado, uma vez que \u00e9 classificado pela altera\u00e7\u00e3o do estado puerperal&nbsp;da m\u00e3e.&nbsp;<\/p>\n\n\n\n<p>De acordo com o delegado, durante o depoimento dado pela mulher&nbsp;foi revelado que a mesma n\u00e3o queria ter o filho desde a sua concep\u00e7\u00e3o. &#8220;Ela negou a gravidez para todo o mundo, n\u00e3o fez pr\u00e9-natal, n\u00e3o teve acompanhamento m\u00e9dico. Desde o in\u00edcio da gravidez que ela n\u00e3o teve nenhum cuidado. Revelando a todo momento que ela n\u00e3o queria a crian\u00e7a. N\u00e3o tentou nenhum m\u00e9todo abortivo.&nbsp;A\u00ed ela teve a&nbsp;crian\u00e7a e deixou ela no ch\u00e3o&#8221;, disse o delegado.<\/p>\n\n\n\n<p>Ainda segundo Seabra, a m\u00e3e responde o processo em liberdade, &#8220;a n\u00e3o ser que o Minist\u00e9rio P\u00fablica entenda que deve pedir a pris\u00e3o. O promotor pediu algumas dilig\u00eancias que j\u00e1 foram efetuadas. Se ele achar que j\u00e1 tem toda a investiga\u00e7\u00e3o pronta ele pode oferecer ou n\u00e3o a den\u00fancia. A\u00ed ela passa a ser r\u00e9 em um processo criminal com as audi\u00eancias, se ela for indiciada por homic\u00eddio doloso ir\u00e1 ao Tribunal do J\u00fari, onde ser\u00e1&nbsp;condenada ou absorvida&#8221;, explicou.<\/p>\n\n\n\n<p>O crime ocorreu em novembro do ano passado. A\u00a0mulher, logo depois do parto, abandonou o beb\u00ea no ch\u00e3o da casa, onde veio a \u00f3bito.\u00a0<\/p>\n\n\n\n<p>ClickPB<\/p>\n","protected":false},"excerpt":{"rendered":"<p>A investiga\u00e7\u00e3o sobre a morte do beb\u00ea que foi deixado no ch\u00e3o de uma casa,&nbsp;na zona rural da cidade de Pedra Branca, regi\u00e3o do Vale&hellip; <\/p>\n","protected":false},"author":6,"featured_media":201895,"comment_status":"closed","ping_status":"closed","sticky":false,"template":"","format":"standard","meta":{"sfsi_plus_gutenberg_text_before_share":"","sfsi_plus_gutenberg_show_text_before_share":"","sfsi_plus_gutenberg_icon_type":"","sfsi_plus_gutenberg_icon_alignemt":"","sfsi_plus_gutenburg_max_per_row":"","footnotes":""},"categories":[50,12],"tags":[],"class_list":["post-201894","post","type-post","status-publish","format-standard","has-post-thumbnail","hentry","category-destaque","category-policia"],"_links":{"self":[{"href":"https:\/\/www.caririemacao.com\/1\/wp-json\/wp\/v2\/posts\/201894","targetHints":{"allow":["GET"]}}],"collection":[{"href":"https:\/\/www.caririemacao.com\/1\/wp-json\/wp\/v2\/posts"}],"about":[{"href":"https:\/\/www.caririemacao.com\/1\/wp-json\/wp\/v2\/types\/post"}],"author":[{"embeddable":true,"href":"https:\/\/www.caririemacao.com\/1\/wp-json\/wp\/v2\/users\/6"}],"replies":[{"embeddable":true,"href":"https:\/\/www.caririemacao.com\/1\/wp-json\/wp\/v2\/comments?post=201894"}],"version-history":[{"count":1,"href":"https:\/\/www.caririemacao.com\/1\/wp-json\/wp\/v2\/posts\/201894\/revisions"}],"predecessor-version":[{"id":201896,"href":"https:\/\/www.caririemacao.com\/1\/wp-json\/wp\/v2\/posts\/201894\/revisions\/201896"}],"wp:featuredmedia":[{"embeddable":true,"href":"https:\/\/www.caririemacao.com\/1\/wp-json\/wp\/v2\/media\/201895"}],"wp:attachment":[{"href":"https:\/\/www.caririemacao.com\/1\/wp-json\/wp\/v2\/media?parent=201894"}],"wp:term":[{"taxonomy":"category","embeddable":true,"href":"https:\/\/www.caririemacao.com\/1\/wp-json\/wp\/v2\/categories?post=201894"},{"taxonomy":"post_tag","embeddable":true,"href":"https:\/\/www.caririemacao.com\/1\/wp-json\/wp\/v2\/tags?post=201894"}],"curies":[{"name":"wp","href":"https:\/\/api.w.org\/{rel}","templated":true}]}}