{"id":20228,"date":"2017-05-22T14:13:20","date_gmt":"2017-05-22T17:13:20","guid":{"rendered":"http:\/\/caririemacao.com\/1\/?p=20228"},"modified":"2017-05-22T14:13:20","modified_gmt":"2017-05-22T17:13:20","slug":"aguas-de-sangria-do-acude-de-taperoa-chegam-ao-santo-andre-diz-aesa-pb","status":"publish","type":"post","link":"https:\/\/www.caririemacao.com\/1\/2017\/05\/22\/aguas-de-sangria-do-acude-de-taperoa-chegam-ao-santo-andre-diz-aesa-pb\/","title":{"rendered":"\u00c1guas de sangria do a\u00e7ude de Tapero\u00e1 chegam ao Santo Andr\u00e9, diz Aesa-PB"},"content":{"rendered":"<div class=\"mc-column content-media content-media--normal content-photo\" data-block-type=\"backstage-photo\">\n<div class=\"content-media__container\">\n<div class=\"content-media__description-centered \">\n<p class=\"content-media__description\">Menos de um m\u00eas ap\u00f3s come\u00e7ar a sangrar, as \u00e1guas que est\u00e3o saindo do a\u00e7ude Manoel Marcionilo, no munic\u00edpio de Tapero\u00e1, chegaram ao a\u00e7ude de Santo Andr\u00e9, no Cariri paraibano. A informa\u00e7\u00e3o foi confirmada pela Ag\u00eancia Executiva de Gest\u00e3o das \u00c1guas (Aesa), nesta segunda-feira (22). &#8220;Depois que a \u00e1gua conseguir passar por ele, ela vai a caminho do a\u00e7ude de Boqueir\u00e3o [Epit\u00e1cio Pessoa]&#8221;, diz o presidente da Aesa, Jo\u00e3o Fernandes.<\/p>\n<\/div>\n<\/div>\n<\/div>\n<div class=\"mc-column content-text active-extra-styles \" data-block-type=\"unstyled\" data-block-weight=\"37\">\n<p class=\"content-text__container \" data-track-category=\"Link no Texto\" data-track-links=\"\">De acordo com Jo\u00e3o Fernandes, o a\u00e7ude de Santo Andr\u00e9 tem pouca capacidade, mas o \u00f3rg\u00e3o n\u00e3o tem um c\u00e1lculo exato do seu volume . \u201cEsse a\u00e7ude \u00e9 bem pequeno e estava seco h\u00e1 muito tempo&#8221;, destaca.<\/p>\n<\/div>\n<div class=\"mc-column content-text active-extra-styles \" data-block-type=\"unstyled\" data-block-weight=\"44\">\n<p class=\"content-text__container \" data-track-category=\"Link no Texto\" data-track-links=\"\">Segundo a Aesa, a \u00e1gua que sai na sangria do a\u00e7ude Manoel Marcionilo segue para o leito do Rio Tapero\u00e1, percorrendo cerca de 30 quil\u00f4metros at\u00e9 o a\u00e7ude de Santo Andr\u00e9. J\u00e1 para o a\u00e7ude de Boqueir\u00e3o, a \u00e1gua vai percorrer mais 50 quil\u00f4metros.<\/p>\n<p class=\"content-text__container \" data-track-category=\"Link no Texto\" data-track-links=\"\"><strong>A\u00e7ude sangrando<\/strong><\/p>\n<\/div>\n<div class=\"mc-column content-text active-extra-styles \" data-block-type=\"unstyled\" data-block-weight=\"60\">\n<p class=\"content-text__container \" data-track-category=\"Link no Texto\" data-track-links=\"\">O a\u00e7ude de Tapero\u00e1 ultrapassou a capacidade m\u00e1xima de armazenamento e come\u00e7ou a sangrar no dia 29 de abril deste ano. Segundo a Aesa, a sangria j\u00e1 era esperada, depois do aumento no volume do a\u00e7ude com as chuvas e o rompimento de uma barragem no estado de Pernambuco. O reservat\u00f3rio tem capacidade para armazenar 15.148.900 de m\u00b3 de \u00e1gua.<\/p>\n<\/div>\n<div class=\"mc-column content-text active-extra-styles \" data-block-type=\"unstyled\" data-block-weight=\"51\">\n<p class=\"content-text__container \" data-track-category=\"Link no Texto\" data-track-links=\"\">Por falta de dados sobre a capacidade de armazenamento do a\u00e7ude de Santo Andr\u00e9, segundo Jo\u00e3o Fernandes, a Aesa n\u00e3o tem uma previs\u00e3o para a chegada da \u00e1gua em Boqueir\u00e3o, mas destacou que a \u00e1gua n\u00e3o deve ter dificuldade no percurso, por causa das chuvas registradas na regi\u00e3o nos \u00faltimos meses.<\/p>\n<\/div>\n<div class=\"mc-column content-media content-media--normal content-photo\" data-block-type=\"backstage-photo\">\n<div class=\"content-media__container\">\n<div class=\"content-media__image-centered\">\n<div class=\"progressive-img can-open-lightbox\" data-max-size=\"1600x899\" data-min-size-url=\"http:\/\/s2.glbimg.com\/UNaz1HlngvjJ7nC9OFXcKj_N16I=\/0x0:1400x787\/1008x0\/smart\/filters:strip_icc()\/s.glbimg.com\/jo\/g1\/f\/original\/2017\/05\/12\/boqueirao_erAaavf.jpg\" data-min-size=\"1008x566\" data-max-size-url=\"http:\/\/s2.glbimg.com\/qMXbpSmgVV68Nlh2SK6J5C4r1Wg=\/0x0:1400x787\/1600x0\/smart\/filters:strip_icc()\/s.glbimg.com\/jo\/g1\/f\/original\/2017\/05\/12\/boqueirao_erAaavf.jpg\" data-media-index=\"1\">\n<div class=\"placeholder-container\"><strong>Boqueir\u00e3o<\/strong><\/div>\n<\/div>\n<\/div>\n<\/div>\n<\/div>\n<div class=\"mc-column content-text active-extra-styles \" data-block-type=\"unstyled\" data-block-weight=\"60\">\n<p class=\"content-text__container \" data-track-category=\"Link no Texto\" data-track-links=\"\">Se as \u00e1guas que saem da sangria do a\u00e7ude de Tapero\u00e1 chegarem ao a\u00e7ude de Boqueir\u00e3o, o manancial vai ter mais um fonte de recarga. Atualmente, ele est\u00e1 sendo abastecido atrav\u00e9s das \u00e1guas que chegam da transposi\u00e7\u00e3o do Rio S\u00e3o Francisco. Segundo a Aesa, nesta segunda-feira Boqueir\u00e3o est\u00e1 com 4,9% da capacidade total, que equivale a 20.333.472 m\u00b3 de \u00e1gua.<\/p>\n<p class=\"content-text__container \" data-track-category=\"Link no Texto\" data-track-links=\"\"><strong><\/strong><strong>CARIRI EM A\u00c7\u00c3O<\/strong><\/p>\n<p class=\"content-text__container \" data-track-category=\"Link no Texto\" data-track-links=\"\">G1-PB\/Foto: Reprodu\u00e7\u00e3o Patr\u00edcio Silva \/ Arquivo Pessoal<\/p>\n<p><strong>Leia mais not\u00edcias em\u00a0<\/strong><a href=\"http:\/\/www.caririemacao.com\/\"><strong>caririemacao.com<\/strong><\/a><strong>, siga nossa p\u00e1gina no\u00a0<\/strong><a href=\"https:\/\/www.facebook.com\/CaririEmAcao\/?ref=aymt_homepage_panel\"><strong>Facebook<\/strong><\/a><strong>\u00a0e\u00a0<a href=\"https:\/\/www.instagram.com\/cariri_em_acao\/?hl=pt-br\">Instagram<\/a>\u00a0veja nossas mat\u00e9rias e fotos. Voc\u00ea tamb\u00e9m pode enviar informa\u00e7\u00f5es \u00e0 Reda\u00e7\u00e3o do Portal Cariri em A\u00e7\u00e3o pelo WhatsApp (83) 9 9634.5791, (83) 9 9601-1162.<\/strong><\/p>\n<\/div>\n","protected":false},"excerpt":{"rendered":"<p>Menos de um m\u00eas ap\u00f3s come\u00e7ar a sangrar, as \u00e1guas que est\u00e3o saindo do a\u00e7ude Manoel Marcionilo, no munic\u00edpio de Tapero\u00e1, chegaram ao a\u00e7ude de&hellip; <\/p>\n","protected":false},"author":2,"featured_media":20229,"comment_status":"closed","ping_status":"closed","sticky":false,"template":"","format":"standard","meta":{"sfsi_plus_gutenberg_text_before_share":"","sfsi_plus_gutenberg_show_text_before_share":"","sfsi_plus_gutenberg_icon_type":"","sfsi_plus_gutenberg_icon_alignemt":"","sfsi_plus_gutenburg_max_per_row":"","footnotes":""},"categories":[6],"tags":[],"class_list":["post-20228","post","type-post","status-publish","format-standard","has-post-thumbnail","hentry","category-cidades"],"_links":{"self":[{"href":"https:\/\/www.caririemacao.com\/1\/wp-json\/wp\/v2\/posts\/20228","targetHints":{"allow":["GET"]}}],"collection":[{"href":"https:\/\/www.caririemacao.com\/1\/wp-json\/wp\/v2\/posts"}],"about":[{"href":"https:\/\/www.caririemacao.com\/1\/wp-json\/wp\/v2\/types\/post"}],"author":[{"embeddable":true,"href":"https:\/\/www.caririemacao.com\/1\/wp-json\/wp\/v2\/users\/2"}],"replies":[{"embeddable":true,"href":"https:\/\/www.caririemacao.com\/1\/wp-json\/wp\/v2\/comments?post=20228"}],"version-history":[{"count":0,"href":"https:\/\/www.caririemacao.com\/1\/wp-json\/wp\/v2\/posts\/20228\/revisions"}],"wp:featuredmedia":[{"embeddable":true,"href":"https:\/\/www.caririemacao.com\/1\/wp-json\/wp\/v2\/media\/20229"}],"wp:attachment":[{"href":"https:\/\/www.caririemacao.com\/1\/wp-json\/wp\/v2\/media?parent=20228"}],"wp:term":[{"taxonomy":"category","embeddable":true,"href":"https:\/\/www.caririemacao.com\/1\/wp-json\/wp\/v2\/categories?post=20228"},{"taxonomy":"post_tag","embeddable":true,"href":"https:\/\/www.caririemacao.com\/1\/wp-json\/wp\/v2\/tags?post=20228"}],"curies":[{"name":"wp","href":"https:\/\/api.w.org\/{rel}","templated":true}]}}