{"id":20231,"date":"2017-05-22T14:17:04","date_gmt":"2017-05-22T17:17:04","guid":{"rendered":"http:\/\/caririemacao.com\/1\/?p=20231"},"modified":"2017-05-22T14:17:42","modified_gmt":"2017-05-22T17:17:42","slug":"pe-aparecido-camargo-e-eleito-administrador-diocesano-de-campina-grande","status":"publish","type":"post","link":"https:\/\/www.caririemacao.com\/1\/2017\/05\/22\/pe-aparecido-camargo-e-eleito-administrador-diocesano-de-campina-grande\/","title":{"rendered":"Pe. Aparecido Camargo \u00e9 eleito Administrador Diocesano de Campina Grande"},"content":{"rendered":"<p>O Padre Aparecido Francisco Camargo foi eleito administrador Diocesano de Campina Grande. A Decis\u00e3o foi tomada na manh\u00e3 desta segunda-feira durante a reuni\u00e3o do Col\u00e9gio de Consultores. Pe Aparecido fica na fun\u00e7\u00e3o at\u00e9 a nomea\u00e7\u00e3o do pr\u00f3ximo Bispo de Campina Grande, feita \u00a0pelo Papa Francisco.<\/p>\n<p>A escolha do Administrador est\u00e1 prevista no C\u00f3digo de Direito Can\u00f4nico, que orienta que o Col\u00e9gio de Consultores Diocesano se re\u00fana no prazo de oito dias a contar do dia em que a Diocese entrou no per\u00edodo vacante. No caso, Campina Grande est\u00e1 vacante desde s\u00e1bado (20), quando Dom Manoel Delson tomou posse como Arcebispo da Para\u00edba.<\/p>\n<p>Pe Aparecido Camargo \u00e9 natural de Itabera\u00ed, estado de Goi\u00e1s, e tem 60 anos. \u00c9 p\u00e1roco na Par\u00f3quia de Santa Rosa de Lima, que fica no bairro de Santa Rosa, em Campina Grande. Em julho deste ano, Pe Aparecido completa 30 anos de ordena\u00e7\u00e3o sacerdotal.<\/p>\n<p>O Administrador Diocesano n\u00e3o tem as mesmas fun\u00e7\u00f5es do Bispo. Ele apenas administra a Diocese e prepara a Igreja Particular para a chegada do pr\u00f3ximo Bispo, ato da S\u00e9 Apost\u00f3lica que n\u00e3o tem prazo definido para acontecer.<\/p>\n<p><strong>CARIRI EM A\u00c7\u00c3O<\/strong><\/p>\n<p>Pascom\/Foto: Reprodu\u00e7\u00e3o<\/p>\n<p><strong>Leia mais not\u00edcias em\u00a0<\/strong><a href=\"http:\/\/www.caririemacao.com\/\"><strong>caririemacao.com<\/strong><\/a><strong>, siga nossa p\u00e1gina no\u00a0<\/strong><a href=\"https:\/\/www.facebook.com\/CaririEmAcao\/?ref=aymt_homepage_panel\"><strong>Facebook<\/strong><\/a><strong>\u00a0e\u00a0<a href=\"https:\/\/www.instagram.com\/cariri_em_acao\/?hl=pt-br\">Instagram<\/a>\u00a0veja nossas mat\u00e9rias e fotos. Voc\u00ea tamb\u00e9m pode enviar informa\u00e7\u00f5es \u00e0 Reda\u00e7\u00e3o do Portal Cariri em A\u00e7\u00e3o pelo WhatsApp (83) 9 9634.5791, (83) 9 9601-1162.<\/strong><\/p>\n","protected":false},"excerpt":{"rendered":"<p>O Padre Aparecido Francisco Camargo foi eleito administrador Diocesano de Campina Grande. A Decis\u00e3o foi tomada na manh\u00e3 desta segunda-feira durante a reuni\u00e3o do Col\u00e9gio&hellip; <\/p>\n","protected":false},"author":2,"featured_media":20233,"comment_status":"closed","ping_status":"closed","sticky":false,"template":"","format":"standard","meta":{"sfsi_plus_gutenberg_text_before_share":"","sfsi_plus_gutenberg_show_text_before_share":"","sfsi_plus_gutenberg_icon_type":"","sfsi_plus_gutenberg_icon_alignemt":"","sfsi_plus_gutenburg_max_per_row":"","footnotes":""},"categories":[2],"tags":[],"class_list":["post-20231","post","type-post","status-publish","format-standard","has-post-thumbnail","hentry","category-geral"],"_links":{"self":[{"href":"https:\/\/www.caririemacao.com\/1\/wp-json\/wp\/v2\/posts\/20231","targetHints":{"allow":["GET"]}}],"collection":[{"href":"https:\/\/www.caririemacao.com\/1\/wp-json\/wp\/v2\/posts"}],"about":[{"href":"https:\/\/www.caririemacao.com\/1\/wp-json\/wp\/v2\/types\/post"}],"author":[{"embeddable":true,"href":"https:\/\/www.caririemacao.com\/1\/wp-json\/wp\/v2\/users\/2"}],"replies":[{"embeddable":true,"href":"https:\/\/www.caririemacao.com\/1\/wp-json\/wp\/v2\/comments?post=20231"}],"version-history":[{"count":0,"href":"https:\/\/www.caririemacao.com\/1\/wp-json\/wp\/v2\/posts\/20231\/revisions"}],"wp:featuredmedia":[{"embeddable":true,"href":"https:\/\/www.caririemacao.com\/1\/wp-json\/wp\/v2\/media\/20233"}],"wp:attachment":[{"href":"https:\/\/www.caririemacao.com\/1\/wp-json\/wp\/v2\/media?parent=20231"}],"wp:term":[{"taxonomy":"category","embeddable":true,"href":"https:\/\/www.caririemacao.com\/1\/wp-json\/wp\/v2\/categories?post=20231"},{"taxonomy":"post_tag","embeddable":true,"href":"https:\/\/www.caririemacao.com\/1\/wp-json\/wp\/v2\/tags?post=20231"}],"curies":[{"name":"wp","href":"https:\/\/api.w.org\/{rel}","templated":true}]}}