{"id":20234,"date":"2017-05-22T14:23:13","date_gmt":"2017-05-22T17:23:13","guid":{"rendered":"http:\/\/caririemacao.com\/1\/?p=20234"},"modified":"2017-05-22T14:23:13","modified_gmt":"2017-05-22T17:23:13","slug":"ronaldo-queiroz-diz-que-marcha-dos-prefeitos-serviu-para-fortalecer-municipios","status":"publish","type":"post","link":"https:\/\/www.caririemacao.com\/1\/2017\/05\/22\/ronaldo-queiroz-diz-que-marcha-dos-prefeitos-serviu-para-fortalecer-municipios\/","title":{"rendered":"Ronaldo Queiroz diz que Marcha dos Prefeitos serviu para fortalecer munic\u00edpios"},"content":{"rendered":"<div class=\"contentPost\">\n<p>Com o intuito de buscar aprimorar cada vez mais sua gest\u00e3o \u00e0 frente do munic\u00edpio de Gurj\u00e3o e defender as prefeituras frente ao defasado Pacto Federativo ora em vigor no Pa\u00eds, o prefeito Ronaldo Queiroz esteve participando da XX Marcha dos Prefeitos organizada pela Confedera\u00e7\u00e3o Nacional de Munic\u00edpios (CNM). A mobiliza\u00e7\u00e3o dos prefeitos, que aconteceu em Bras\u00edlia, come\u00e7ou na segunda feira dia (15) e terminou na \u00faltima quinta-feira (18).<\/p>\n<p>Para Ronaldo Queiroz, os munic\u00edpios conseguiram avan\u00e7ar no debate com o Governo Federal e j\u00e1 recebeu do presidente da Rep\u00fablica uma importante conquista, a renegocia\u00e7\u00e3o das d\u00edvidas previdenci\u00e1rias, que em muitas cidades deixa a gest\u00e3o ingovern\u00e1vel. Ronaldo disse ainda que a principal luta dos prefeitos que \u00e9 um novo Pacto Federativo avan\u00e7ou em suas discuss\u00f5es e o presidente Temer sinalizou que negociaria com os gestores a possibilidade ap\u00f3s o Pa\u00eds sair do momento de recess\u00e3o no qual se encontra.<\/p>\n<p>\u201cForam cerca de cinco mil prefeitos participantes. Foi um momento muito importante porque \u00e9 hora dos munic\u00edpios partilharem seus problemas, bem como descobrirem maneiras de aperfei\u00e7oar a gest\u00e3o. Ainda aproveitamos a viagem para nos reunirmos com deputados e senadores paraibanos e encaminhamos v\u00e1rios pleitos, recebendo dos representantes federais do Estado uma boa acolhida e empenho para alcan\u00e7ar novas metas de a\u00e7\u00f5es\u201d, pontuou.<\/p>\n<p><strong>CARIRI EM A\u00c7\u00c3O<\/strong><\/p>\n<p>Ascom\/Foto: Reprodu\u00e7\u00e3o<\/p>\n<p><strong>Leia mais not\u00edcias em\u00a0<\/strong><a href=\"http:\/\/www.caririemacao.com\/\"><strong>caririemacao.com<\/strong><\/a><strong>, siga nossa p\u00e1gina no\u00a0<\/strong><a href=\"https:\/\/www.facebook.com\/CaririEmAcao\/?ref=aymt_homepage_panel\"><strong>Facebook<\/strong><\/a><strong>\u00a0e\u00a0<a href=\"https:\/\/www.instagram.com\/cariri_em_acao\/?hl=pt-br\">Instagram<\/a>\u00a0veja nossas mat\u00e9rias e fotos. Voc\u00ea tamb\u00e9m pode enviar informa\u00e7\u00f5es \u00e0 Reda\u00e7\u00e3o do Portal Cariri em A\u00e7\u00e3o pelo WhatsApp (83) 9 9634.5791, (83) 9 9601-1162.<\/strong><\/p>\n<\/div>\n","protected":false},"excerpt":{"rendered":"<p>Com o intuito de buscar aprimorar cada vez mais sua gest\u00e3o \u00e0 frente do munic\u00edpio de Gurj\u00e3o e defender as prefeituras frente ao defasado Pacto&hellip; <\/p>\n","protected":false},"author":2,"featured_media":20235,"comment_status":"closed","ping_status":"closed","sticky":false,"template":"","format":"standard","meta":{"sfsi_plus_gutenberg_text_before_share":"","sfsi_plus_gutenberg_show_text_before_share":"","sfsi_plus_gutenberg_icon_type":"","sfsi_plus_gutenberg_icon_alignemt":"","sfsi_plus_gutenburg_max_per_row":"","footnotes":""},"categories":[11],"tags":[],"class_list":["post-20234","post","type-post","status-publish","format-standard","has-post-thumbnail","hentry","category-politica"],"_links":{"self":[{"href":"https:\/\/www.caririemacao.com\/1\/wp-json\/wp\/v2\/posts\/20234","targetHints":{"allow":["GET"]}}],"collection":[{"href":"https:\/\/www.caririemacao.com\/1\/wp-json\/wp\/v2\/posts"}],"about":[{"href":"https:\/\/www.caririemacao.com\/1\/wp-json\/wp\/v2\/types\/post"}],"author":[{"embeddable":true,"href":"https:\/\/www.caririemacao.com\/1\/wp-json\/wp\/v2\/users\/2"}],"replies":[{"embeddable":true,"href":"https:\/\/www.caririemacao.com\/1\/wp-json\/wp\/v2\/comments?post=20234"}],"version-history":[{"count":0,"href":"https:\/\/www.caririemacao.com\/1\/wp-json\/wp\/v2\/posts\/20234\/revisions"}],"wp:featuredmedia":[{"embeddable":true,"href":"https:\/\/www.caririemacao.com\/1\/wp-json\/wp\/v2\/media\/20235"}],"wp:attachment":[{"href":"https:\/\/www.caririemacao.com\/1\/wp-json\/wp\/v2\/media?parent=20234"}],"wp:term":[{"taxonomy":"category","embeddable":true,"href":"https:\/\/www.caririemacao.com\/1\/wp-json\/wp\/v2\/categories?post=20234"},{"taxonomy":"post_tag","embeddable":true,"href":"https:\/\/www.caririemacao.com\/1\/wp-json\/wp\/v2\/tags?post=20234"}],"curies":[{"name":"wp","href":"https:\/\/api.w.org\/{rel}","templated":true}]}}