{"id":20241,"date":"2017-05-23T10:12:15","date_gmt":"2017-05-23T13:12:15","guid":{"rendered":"http:\/\/caririemacao.com\/1\/?p=20241"},"modified":"2017-05-23T13:49:05","modified_gmt":"2017-05-23T16:49:05","slug":"faculdade-mauricio-de-nassau-convida-gestores-do-cariri-para-participar-do-i-encontro-de-gestores-publicos-em-campina-grande","status":"publish","type":"post","link":"https:\/\/www.caririemacao.com\/1\/2017\/05\/23\/faculdade-mauricio-de-nassau-convida-gestores-do-cariri-para-participar-do-i-encontro-de-gestores-publicos-em-campina-grande\/","title":{"rendered":"Faculdade Maur\u00edcio de Nassau convida gestores do Cariri para participar do I Encontro de Gestores P\u00fablicos em Campina Grande"},"content":{"rendered":"<p>A Faculdade Maur\u00edcio de Nassau, em Campina Grande realiza na pr\u00f3xima quarta-feira (24), o I Encontro de Gestores P\u00fablicos. O evento \u00e9 destinado aos gestores dos \u00f3rg\u00e3os p\u00fablicos, tais como: prefeituras, secretarias, centros administrativos, entre outras institui\u00e7\u00f5es municipais e estaduais da Para\u00edba. A atividade ter\u00e1 in\u00edcio a partir das 19h, e acontecer\u00e1 no audit\u00f3rio da unidade Palmeira.<\/p>\n<p>Idealizado pela dire\u00e7\u00e3o da unidade, com apoio da coordena\u00e7\u00e3o de Administra\u00e7\u00e3o, o evento tem o objetivo de discutir as pr\u00e1ticas de lideran\u00e7a p\u00fablica no contexto das cidades inteligentes. Na ocasi\u00e3o, o prefeito do munic\u00edpio de Campina Grande, Romero Rodrigues, ser\u00e1 homenageado pela gest\u00e3o do munic\u00edpio com o pr\u00eamio Prefeito Inovador, marca que carrega desde 2013 em seu primeiro mandato.<\/p>\n<p>O p\u00fablico formado por prefeitos de diversas cidades da Para\u00edba, al\u00e9m de seus secret\u00e1rios municipais e outros gestores p\u00fablicos, ter\u00e1 oportunidade de assistir a palestra com o tema \u201cPlanejando e Inovando: as novas diretrizes para o setor p\u00fablico\u201d, ministrada por Cl\u00e1udio Nascimento, vice-presidente da Rede Brasileira de Cidades Inteligentes e Humanas. Ap\u00f3s as apresenta\u00e7\u00f5es, os gestores ainda discutem sobre o tema e a implanta\u00e7\u00e3o de sistemas inovadores em seus respectivos munic\u00edpios.<\/p>\n<p>Marina Barros, diretora das unidades Campina Grande, Palmeira e Esta\u00e7\u00e3o Velha, comenta sobre o evento. \u201c\u00c9 uma honra para todos n\u00f3s da Faculdade Maur\u00edcio de Nassau podermos oferecer essa oportunidade de discuss\u00e3o. Esse evento vai auxiliar na intera\u00e7\u00e3o entre os gestores e facilitar os certames para que as cidades entre e permane\u00e7am na era da inova\u00e7\u00e3o em todo o estado\u201d, destacou.<\/p>\n<p>O evento \u00e9 gratuito e as \u00a0inscri\u00e7\u00f5es podem ser feitas antes do in\u00edcio da palestra. A unidade palmeira est\u00e1 localizada na rua Manoel Uch\u00f4a, 237, em frente \u00e0 Pra\u00e7a 13 de Maio. Mais informa\u00e7\u00f5es podem ser obtidas pelo telefone (83)2101.8907.<\/p>\n<p><strong>CARIRI EM A\u00c7\u00c3O<\/strong><\/p>\n<p>Com Ascom\/Foto: Divulga\u00e7\u00e3o<\/p>\n<p><strong>CARIRI EM A\u00c7\u00c3O<\/strong><\/p>\n<p><strong>Leia mais not\u00edcias em\u00a0<\/strong><a href=\"http:\/\/www.caririemacao.com\/\"><strong>caririemacao.com<\/strong><\/a><strong>, siga nossa p\u00e1gina no\u00a0<\/strong><a href=\"https:\/\/www.facebook.com\/CaririEmAcao\/?ref=aymt_homepage_panel\"><strong>Facebook<\/strong><\/a><strong>\u00a0e\u00a0<a href=\"https:\/\/www.instagram.com\/cariri_em_acao\/?hl=pt-br\">Instagram<\/a>\u00a0veja nossas mat\u00e9rias e fotos. Voc\u00ea tamb\u00e9m pode enviar informa\u00e7\u00f5es \u00e0 Reda\u00e7\u00e3o do Portal Cariri em A\u00e7\u00e3o pelo WhatsApp (83) 9 9634.5791, (83) 9 9601-1162.<\/strong><\/p>\n","protected":false},"excerpt":{"rendered":"<p>A Faculdade Maur\u00edcio de Nassau, em Campina Grande realiza na pr\u00f3xima quarta-feira (24), o I Encontro de Gestores P\u00fablicos. O evento \u00e9 destinado aos gestores&hellip; <\/p>\n","protected":false},"author":2,"featured_media":20242,"comment_status":"closed","ping_status":"closed","sticky":false,"template":"","format":"standard","meta":{"sfsi_plus_gutenberg_text_before_share":"","sfsi_plus_gutenberg_show_text_before_share":"","sfsi_plus_gutenberg_icon_type":"","sfsi_plus_gutenberg_icon_alignemt":"","sfsi_plus_gutenburg_max_per_row":"","footnotes":""},"categories":[2],"tags":[],"class_list":["post-20241","post","type-post","status-publish","format-standard","has-post-thumbnail","hentry","category-geral"],"_links":{"self":[{"href":"https:\/\/www.caririemacao.com\/1\/wp-json\/wp\/v2\/posts\/20241","targetHints":{"allow":["GET"]}}],"collection":[{"href":"https:\/\/www.caririemacao.com\/1\/wp-json\/wp\/v2\/posts"}],"about":[{"href":"https:\/\/www.caririemacao.com\/1\/wp-json\/wp\/v2\/types\/post"}],"author":[{"embeddable":true,"href":"https:\/\/www.caririemacao.com\/1\/wp-json\/wp\/v2\/users\/2"}],"replies":[{"embeddable":true,"href":"https:\/\/www.caririemacao.com\/1\/wp-json\/wp\/v2\/comments?post=20241"}],"version-history":[{"count":0,"href":"https:\/\/www.caririemacao.com\/1\/wp-json\/wp\/v2\/posts\/20241\/revisions"}],"wp:featuredmedia":[{"embeddable":true,"href":"https:\/\/www.caririemacao.com\/1\/wp-json\/wp\/v2\/media\/20242"}],"wp:attachment":[{"href":"https:\/\/www.caririemacao.com\/1\/wp-json\/wp\/v2\/media?parent=20241"}],"wp:term":[{"taxonomy":"category","embeddable":true,"href":"https:\/\/www.caririemacao.com\/1\/wp-json\/wp\/v2\/categories?post=20241"},{"taxonomy":"post_tag","embeddable":true,"href":"https:\/\/www.caririemacao.com\/1\/wp-json\/wp\/v2\/tags?post=20241"}],"curies":[{"name":"wp","href":"https:\/\/api.w.org\/{rel}","templated":true}]}}