{"id":20244,"date":"2017-05-22T17:27:23","date_gmt":"2017-05-22T20:27:23","guid":{"rendered":"http:\/\/caririemacao.com\/1\/?p=20244"},"modified":"2017-05-22T17:27:23","modified_gmt":"2017-05-22T20:27:23","slug":"prefeitura-de-congo-realiza-entrega-de-60-pares-de-tenis-para-integrantes-de-projeto-social","status":"publish","type":"post","link":"https:\/\/www.caririemacao.com\/1\/2017\/05\/22\/prefeitura-de-congo-realiza-entrega-de-60-pares-de-tenis-para-integrantes-de-projeto-social\/","title":{"rendered":"Prefeitura de Congo realiza entrega de 60 pares de t\u00eanis para integrantes de projeto social"},"content":{"rendered":"<p>A Prefeitura de Congo, atrav\u00e9s da Secretaria de A\u00e7\u00e3o Social, voltou a beneficiar dezenas de crian\u00e7as que integram o SCFV (Servi\u00e7o de Conviv\u00eancia e Fortalecimento de V\u00ednculos). Na manh\u00e3 da \u00faltima sexta-feira (19\/05), foram entregues 60 pares de t\u00eanis para as crian\u00e7as e jovens que integram o projeto. O investimento do Governo Municipal \u00e9 da ordem de R$ 3.300,00.<\/p>\n<p><a href=\"http:\/\/caririemacao.com\/1\/wp-content\/uploads\/2017\/05\/50ab675f-dde7-4e4a-bb60-320654fc8ad2.jpg\"><img fetchpriority=\"high\" decoding=\"async\" class=\"aligncenter wp-image-20245 size-full\" src=\"http:\/\/caririemacao.com\/1\/wp-content\/uploads\/2017\/05\/50ab675f-dde7-4e4a-bb60-320654fc8ad2.jpg\" alt=\"\" width=\"984\" height=\"670\" srcset=\"https:\/\/www.caririemacao.com\/1\/wp-content\/uploads\/2017\/05\/50ab675f-dde7-4e4a-bb60-320654fc8ad2.jpg 984w, https:\/\/www.caririemacao.com\/1\/wp-content\/uploads\/2017\/05\/50ab675f-dde7-4e4a-bb60-320654fc8ad2-300x204.jpg 300w, https:\/\/www.caririemacao.com\/1\/wp-content\/uploads\/2017\/05\/50ab675f-dde7-4e4a-bb60-320654fc8ad2-768x523.jpg 768w, https:\/\/www.caririemacao.com\/1\/wp-content\/uploads\/2017\/05\/50ab675f-dde7-4e4a-bb60-320654fc8ad2-130x90.jpg 130w\" sizes=\"(max-width: 984px) 100vw, 984px\" \/><\/a><\/p>\n<p>A a\u00e7\u00e3o visa contribuir com a melhoria das condi\u00e7\u00f5es de pr\u00e1tica esportiva e recreativa aos alunos do SCFV. A turma beneficiada \u00e9 composta por crian\u00e7as e adolescentes que tentam atrav\u00e9s da inclus\u00e3o social e do esporte uma chance para melhorar de vida.<\/p>\n<p><a href=\"http:\/\/caririemacao.com\/1\/wp-content\/uploads\/2017\/05\/89de5086-1c54-4532-aabf-cdea788654bb.jpg\"><img decoding=\"async\" class=\"alignnone wp-image-20246 size-full lazyload\" data-src=\"http:\/\/caririemacao.com\/1\/wp-content\/uploads\/2017\/05\/89de5086-1c54-4532-aabf-cdea788654bb.jpg\" alt=\"\" width=\"1044\" height=\"720\" data-srcset=\"https:\/\/www.caririemacao.com\/1\/wp-content\/uploads\/2017\/05\/89de5086-1c54-4532-aabf-cdea788654bb.jpg 1044w, https:\/\/www.caririemacao.com\/1\/wp-content\/uploads\/2017\/05\/89de5086-1c54-4532-aabf-cdea788654bb-300x207.jpg 300w, https:\/\/www.caririemacao.com\/1\/wp-content\/uploads\/2017\/05\/89de5086-1c54-4532-aabf-cdea788654bb-768x530.jpg 768w, https:\/\/www.caririemacao.com\/1\/wp-content\/uploads\/2017\/05\/89de5086-1c54-4532-aabf-cdea788654bb-1024x706.jpg 1024w, https:\/\/www.caririemacao.com\/1\/wp-content\/uploads\/2017\/05\/89de5086-1c54-4532-aabf-cdea788654bb-130x90.jpg 130w\" data-sizes=\"(max-width: 1044px) 100vw, 1044px\" src=\"data:image\/svg+xml;base64,PHN2ZyB3aWR0aD0iMSIgaGVpZ2h0PSIxIiB4bWxucz0iaHR0cDovL3d3dy53My5vcmcvMjAwMC9zdmciPjwvc3ZnPg==\" style=\"--smush-placeholder-width: 1044px; --smush-placeholder-aspect-ratio: 1044\/720;\" \/><\/a><\/p>\n<p>O SCFV &#8211; Servi\u00e7o de Conviv\u00eancia e Fortalecimento de V\u00ednculos realiza atendimentos em grupo. S\u00e3o atividades art\u00edsticas, culturais, de lazer e esportivas, dentre outras, de acordo com a idade dos usu\u00e1rios. \u00c9 uma forma de interven\u00e7\u00e3o social planejada que cria situa\u00e7\u00f5es desafiadoras, estimula e orienta os usu\u00e1rios na constru\u00e7\u00e3o e reconstru\u00e7\u00e3o de suas hist\u00f3rias e viv\u00eancias individuais, coletivas e familiares.<\/p>\n<p><strong>CARIRI EM A\u00c7\u00c3O<\/strong><\/p>\n<p>Ascom\/Foto: Divulga\u00e7\u00e3o<\/p>\n<p><strong>Leia mais not\u00edcias em\u00a0<\/strong><a href=\"http:\/\/www.caririemacao.com\/\"><strong>caririemacao.com<\/strong><\/a><strong>, siga nossa p\u00e1gina no\u00a0<\/strong><a href=\"https:\/\/www.facebook.com\/CaririEmAcao\/?ref=aymt_homepage_panel\"><strong>Facebook<\/strong><\/a><strong>\u00a0e\u00a0<a href=\"https:\/\/www.instagram.com\/cariri_em_acao\/?hl=pt-br\">Instagram<\/a>\u00a0veja nossas mat\u00e9rias e fotos. Voc\u00ea tamb\u00e9m pode enviar informa\u00e7\u00f5es \u00e0 Reda\u00e7\u00e3o do Portal Cariri em A\u00e7\u00e3o pelo WhatsApp (83) 9 9634.5791, (83) 9 9601-1162.<\/strong><\/p>\n","protected":false},"excerpt":{"rendered":"<p>A Prefeitura de Congo, atrav\u00e9s da Secretaria de A\u00e7\u00e3o Social, voltou a beneficiar dezenas de crian\u00e7as que integram o SCFV (Servi\u00e7o de Conviv\u00eancia e Fortalecimento&hellip; <\/p>\n","protected":false},"author":2,"featured_media":20247,"comment_status":"closed","ping_status":"closed","sticky":false,"template":"","format":"standard","meta":{"sfsi_plus_gutenberg_text_before_share":"","sfsi_plus_gutenberg_show_text_before_share":"","sfsi_plus_gutenberg_icon_type":"","sfsi_plus_gutenberg_icon_alignemt":"","sfsi_plus_gutenburg_max_per_row":"","footnotes":""},"categories":[6],"tags":[],"class_list":["post-20244","post","type-post","status-publish","format-standard","has-post-thumbnail","hentry","category-cidades"],"_links":{"self":[{"href":"https:\/\/www.caririemacao.com\/1\/wp-json\/wp\/v2\/posts\/20244","targetHints":{"allow":["GET"]}}],"collection":[{"href":"https:\/\/www.caririemacao.com\/1\/wp-json\/wp\/v2\/posts"}],"about":[{"href":"https:\/\/www.caririemacao.com\/1\/wp-json\/wp\/v2\/types\/post"}],"author":[{"embeddable":true,"href":"https:\/\/www.caririemacao.com\/1\/wp-json\/wp\/v2\/users\/2"}],"replies":[{"embeddable":true,"href":"https:\/\/www.caririemacao.com\/1\/wp-json\/wp\/v2\/comments?post=20244"}],"version-history":[{"count":0,"href":"https:\/\/www.caririemacao.com\/1\/wp-json\/wp\/v2\/posts\/20244\/revisions"}],"wp:featuredmedia":[{"embeddable":true,"href":"https:\/\/www.caririemacao.com\/1\/wp-json\/wp\/v2\/media\/20247"}],"wp:attachment":[{"href":"https:\/\/www.caririemacao.com\/1\/wp-json\/wp\/v2\/media?parent=20244"}],"wp:term":[{"taxonomy":"category","embeddable":true,"href":"https:\/\/www.caririemacao.com\/1\/wp-json\/wp\/v2\/categories?post=20244"},{"taxonomy":"post_tag","embeddable":true,"href":"https:\/\/www.caririemacao.com\/1\/wp-json\/wp\/v2\/tags?post=20244"}],"curies":[{"name":"wp","href":"https:\/\/api.w.org\/{rel}","templated":true}]}}