{"id":202462,"date":"2021-01-13T16:16:27","date_gmt":"2021-01-13T19:16:27","guid":{"rendered":"https:\/\/www.caririemacao.com\/1\/?p=202462"},"modified":"2021-01-13T16:16:29","modified_gmt":"2021-01-13T19:16:29","slug":"vaticano-comeca-campanha-de-vacinacao-contra-a-covid-19","status":"publish","type":"post","link":"https:\/\/www.caririemacao.com\/1\/2021\/01\/13\/vaticano-comeca-campanha-de-vacinacao-contra-a-covid-19\/","title":{"rendered":"Vaticano come\u00e7a campanha de vacina\u00e7\u00e3o contra a Covid-19"},"content":{"rendered":"\n<p class=\"wp-block-paragraph\">O Vaticano iniciou, nesta quarta-feira (13), sua campanha de vacina\u00e7\u00e3o contra a Covid-19, informou a ag\u00eancia oficial de not\u00edcias VaticanNews.<\/p>\n\n\n\n<p class=\"wp-block-paragraph\">Neste momento, s\u00e3o priorizados profissionais da sa\u00fade e idosos moradores da cidade-estado, sede da Igreja Cat\u00f3lica, localizada dentro de Roma.<\/p>\n\n\n\n<p class=\"wp-block-paragraph\">Em um segundo momento, familiares dos trabalhadores \u2013 assistidos pelo Fundo de Assist\u00eancia Sanit\u00e1ria \u2013 poder\u00e3o ser vacinados.<\/p>\n\n\n\n<p class=\"wp-block-paragraph\">Ainda n\u00e3o h\u00e1 confirma\u00e7\u00e3o oficial de que o Papa Francisco, de 84 anos, recebeu a primeira dose da vacina.<\/p>\n\n\n\n<p class=\"wp-block-paragraph\">O jornal argentino &#8220;La Naci\u00f3n&#8221; afirma que ele foi um dos primeiros a ser vacinado, mas que imagens n\u00e3o foram permitidas para garantir a privacidade do Papa.<\/p>\n\n\n\n<p class=\"wp-block-paragraph\">No domingo, o Francisco disse que a vacina &#8220;n\u00e3o \u00e9 op\u00e7\u00e3o, \u00e9 a\u00e7\u00e3o \u00e9tica&#8221; em uma entrevista transmitida pela televis\u00e3o italiana.<\/p>\n\n\n\n<p class=\"wp-block-paragraph\">O papa em\u00e9rito, Bento XVI, de 93 anos, est\u00e1 na fila para receber a primeira dose da vacina ainda esta semana, informou seu assistente pessoal Georg G\u00e4nswein \u00e0 Ag\u00eancia de Not\u00edcias Cat\u00f3lica (CNA).<\/p>\n\n\n\n<p class=\"wp-block-paragraph\">A campanha \u00e9 volunt\u00e1ria e a vacina n\u00e3o ser\u00e1 aplicada em crian\u00e7as e pessoas menores de 18 anos porque a vacina distribu\u00edda \u2013 a desenvolvida pela Pfizer com a BioNTech \u2013 n\u00e3o foi testada neste grupo.<\/p>\n\n\n\n<p class=\"wp-block-paragraph\">ClickPB<\/p>\n","protected":false},"excerpt":{"rendered":"<p>O Vaticano iniciou, nesta quarta-feira (13), sua campanha de vacina\u00e7\u00e3o contra a Covid-19, informou a ag\u00eancia oficial de not\u00edcias VaticanNews. Neste momento, s\u00e3o priorizados profissionais da sa\u00fade e idosos moradores da cidade-estado, sede da Igreja Cat\u00f3lica, localizada dentro de Roma. Em um segundo momento, familiares dos trabalhadores \u2013 assistidos pelo Fundo de Assist\u00eancia Sanit\u00e1ria \u2013 poder\u00e3o ser vacinados. Ainda n\u00e3o h\u00e1 confirma\u00e7\u00e3o oficial de que o Papa Francisco, de 84 anos, recebeu a primeira dose da vacina. O jornal argentino &#8220;La Naci\u00f3n&#8221; afirma que ele foi um dos primeiros a ser vacinado, mas que imagens n\u00e3o foram permitidas para garantir a privacidade do Papa. No domingo, o Francisco disse que a vacina &#8220;n\u00e3o \u00e9 op\u00e7\u00e3o, \u00e9 a\u00e7\u00e3o \u00e9tica&#8221; em uma entrevista transmitida pela televis\u00e3o italiana. O papa em\u00e9rito, Bento XVI, de 93 anos, est\u00e1 na fila para receber a primeira dose da vacina ainda esta semana, informou seu assistente pessoal Georg G\u00e4nswein \u00e0 Ag\u00eancia de Not\u00edcias Cat\u00f3lica (CNA). A campanha \u00e9 volunt\u00e1ria e a vacina n\u00e3o ser\u00e1 aplicada em crian\u00e7as e pessoas menores de 18 anos porque a vacina distribu\u00edda \u2013 a desenvolvida pela Pfizer com a BioNTech \u2013 n\u00e3o foi testada neste grupo. ClickPB<\/p>\n","protected":false},"author":6,"featured_media":202465,"comment_status":"closed","ping_status":"closed","sticky":false,"template":"","format":"standard","meta":{"sfsi_plus_gutenberg_text_before_share":"","sfsi_plus_gutenberg_show_text_before_share":"","sfsi_plus_gutenberg_icon_type":"","sfsi_plus_gutenberg_icon_alignemt":"","sfsi_plus_gutenburg_max_per_row":"","footnotes":""},"categories":[50,103],"tags":[],"class_list":["post-202462","post","type-post","status-publish","format-standard","has-post-thumbnail","hentry","category-destaque","category-mundo"],"_links":{"self":[{"href":"https:\/\/www.caririemacao.com\/1\/wp-json\/wp\/v2\/posts\/202462","targetHints":{"allow":["GET"]}}],"collection":[{"href":"https:\/\/www.caririemacao.com\/1\/wp-json\/wp\/v2\/posts"}],"about":[{"href":"https:\/\/www.caririemacao.com\/1\/wp-json\/wp\/v2\/types\/post"}],"author":[{"embeddable":true,"href":"https:\/\/www.caririemacao.com\/1\/wp-json\/wp\/v2\/users\/6"}],"replies":[{"embeddable":true,"href":"https:\/\/www.caririemacao.com\/1\/wp-json\/wp\/v2\/comments?post=202462"}],"version-history":[{"count":1,"href":"https:\/\/www.caririemacao.com\/1\/wp-json\/wp\/v2\/posts\/202462\/revisions"}],"predecessor-version":[{"id":202466,"href":"https:\/\/www.caririemacao.com\/1\/wp-json\/wp\/v2\/posts\/202462\/revisions\/202466"}],"wp:featuredmedia":[{"embeddable":true,"href":"https:\/\/www.caririemacao.com\/1\/wp-json\/wp\/v2\/media\/202465"}],"wp:attachment":[{"href":"https:\/\/www.caririemacao.com\/1\/wp-json\/wp\/v2\/media?parent=202462"}],"wp:term":[{"taxonomy":"category","embeddable":true,"href":"https:\/\/www.caririemacao.com\/1\/wp-json\/wp\/v2\/categories?post=202462"},{"taxonomy":"post_tag","embeddable":true,"href":"https:\/\/www.caririemacao.com\/1\/wp-json\/wp\/v2\/tags?post=202462"}],"curies":[{"name":"wp","href":"https:\/\/api.w.org\/{rel}","templated":true}]}}