{"id":202467,"date":"2021-01-13T16:18:09","date_gmt":"2021-01-13T19:18:09","guid":{"rendered":"https:\/\/www.caririemacao.com\/1\/?p=202467"},"modified":"2021-01-13T16:18:11","modified_gmt":"2021-01-13T19:18:11","slug":"doria-diz-querer-vacinacao-imediatamente-apos-aprovacao-da-coronavac-no-proximo-domingo","status":"publish","type":"post","link":"https:\/\/www.caririemacao.com\/1\/2021\/01\/13\/doria-diz-querer-vacinacao-imediatamente-apos-aprovacao-da-coronavac-no-proximo-domingo\/","title":{"rendered":"Doria diz querer vacina\u00e7\u00e3o imediatamente ap\u00f3s aprova\u00e7\u00e3o da Coronavac no pr\u00f3ximo domingo"},"content":{"rendered":"\n<p class=\"wp-block-paragraph\">O governador de S\u00e3o Paulo, Jo\u00e3o Doria (PSDB), afirmou nesta quarta-feira (13) esperar que a Anvisa (Ag\u00eancia Nacional de Vigil\u00e2ncia Sanit\u00e1ria) autorize o uso emergencial da vacina Coronavac, no pr\u00f3ximo domingo (17), por uma quest\u00e3o humanit\u00e1ria. Ele afirmou que o imunizante deve ser disponibilizado imediatamente ap\u00f3s a aprova\u00e7\u00e3o.<\/p>\n\n\n\n<p class=\"wp-block-paragraph\">A afirma\u00e7\u00e3o foi feita durante entrevista coletiva, no Pal\u00e1cio dos Bandeirantes, para tratar sobre medidas de combate ao coronav\u00edrus.<\/p>\n\n\n\n<p class=\"wp-block-paragraph\">No domingo, haver\u00e1 uma reuni\u00e3o para avalia\u00e7\u00e3o das vacinas na Anvisa, onde dever\u00e1 ser decidido se haver\u00e1 libera\u00e7\u00e3o dos imunizantes em car\u00e1ter emergencial.<\/p>\n\n\n\n<p class=\"wp-block-paragraph\">&#8220;A vacina do Butantan atende plenamente. E atendendo plenamente ela deve ser colocada imediatamente ap\u00f3s a aprova\u00e7\u00e3o da Anvisa para a vacina\u00e7\u00e3o dos brasileiros&#8221;, disse ao se referir \u00e0 efic\u00e1cia geral da imunizante anunciada nesta ter\u00e7a-feira (12), de 50,83%<\/p>\n\n\n\n<p class=\"wp-block-paragraph\">&#8220;Aproveito para dizer aqui para desejar, esperar que a Anvisa cumpra o seu dever cient\u00edfico, mas cumpra tamb\u00e9m seu dever humanit\u00e1rio no pr\u00f3ximo domingo. E libere as duas vacinas, a vacina da Astrazeneca e a vacina do Butantan&#8221;, disse.<\/p>\n\n\n\n<p class=\"wp-block-paragraph\">ClickPB<\/p>\n","protected":false},"excerpt":{"rendered":"<p>O governador de S\u00e3o Paulo, Jo\u00e3o Doria (PSDB), afirmou nesta quarta-feira (13) esperar que a Anvisa (Ag\u00eancia Nacional de Vigil\u00e2ncia Sanit\u00e1ria) autorize o uso emergencial da vacina Coronavac, no pr\u00f3ximo domingo (17), por uma quest\u00e3o humanit\u00e1ria. Ele afirmou que o imunizante deve ser disponibilizado imediatamente ap\u00f3s a aprova\u00e7\u00e3o. A afirma\u00e7\u00e3o foi feita durante entrevista coletiva, no Pal\u00e1cio dos Bandeirantes, para tratar sobre medidas de combate ao coronav\u00edrus. No domingo, haver\u00e1 uma reuni\u00e3o para avalia\u00e7\u00e3o das vacinas na Anvisa, onde dever\u00e1 ser decidido se haver\u00e1 libera\u00e7\u00e3o dos imunizantes em car\u00e1ter emergencial. &#8220;A vacina do Butantan atende plenamente. E atendendo plenamente ela deve ser colocada imediatamente ap\u00f3s a aprova\u00e7\u00e3o da Anvisa para a vacina\u00e7\u00e3o dos brasileiros&#8221;, disse ao se referir \u00e0 efic\u00e1cia geral da imunizante anunciada nesta ter\u00e7a-feira (12), de 50,83% &#8220;Aproveito para dizer aqui para desejar, esperar que a Anvisa cumpra o seu dever cient\u00edfico, mas cumpra tamb\u00e9m seu dever humanit\u00e1rio no pr\u00f3ximo domingo. E libere as duas vacinas, a vacina da Astrazeneca e a vacina do Butantan&#8221;, disse. ClickPB<\/p>\n","protected":false},"author":6,"featured_media":202470,"comment_status":"closed","ping_status":"closed","sticky":false,"template":"","format":"standard","meta":{"sfsi_plus_gutenberg_text_before_share":"","sfsi_plus_gutenberg_show_text_before_share":"","sfsi_plus_gutenberg_icon_type":"","sfsi_plus_gutenberg_icon_alignemt":"","sfsi_plus_gutenburg_max_per_row":"","footnotes":""},"categories":[50,2],"tags":[],"class_list":["post-202467","post","type-post","status-publish","format-standard","has-post-thumbnail","hentry","category-destaque","category-geral"],"_links":{"self":[{"href":"https:\/\/www.caririemacao.com\/1\/wp-json\/wp\/v2\/posts\/202467","targetHints":{"allow":["GET"]}}],"collection":[{"href":"https:\/\/www.caririemacao.com\/1\/wp-json\/wp\/v2\/posts"}],"about":[{"href":"https:\/\/www.caririemacao.com\/1\/wp-json\/wp\/v2\/types\/post"}],"author":[{"embeddable":true,"href":"https:\/\/www.caririemacao.com\/1\/wp-json\/wp\/v2\/users\/6"}],"replies":[{"embeddable":true,"href":"https:\/\/www.caririemacao.com\/1\/wp-json\/wp\/v2\/comments?post=202467"}],"version-history":[{"count":1,"href":"https:\/\/www.caririemacao.com\/1\/wp-json\/wp\/v2\/posts\/202467\/revisions"}],"predecessor-version":[{"id":202471,"href":"https:\/\/www.caririemacao.com\/1\/wp-json\/wp\/v2\/posts\/202467\/revisions\/202471"}],"wp:featuredmedia":[{"embeddable":true,"href":"https:\/\/www.caririemacao.com\/1\/wp-json\/wp\/v2\/media\/202470"}],"wp:attachment":[{"href":"https:\/\/www.caririemacao.com\/1\/wp-json\/wp\/v2\/media?parent=202467"}],"wp:term":[{"taxonomy":"category","embeddable":true,"href":"https:\/\/www.caririemacao.com\/1\/wp-json\/wp\/v2\/categories?post=202467"},{"taxonomy":"post_tag","embeddable":true,"href":"https:\/\/www.caririemacao.com\/1\/wp-json\/wp\/v2\/tags?post=202467"}],"curies":[{"name":"wp","href":"https:\/\/api.w.org\/{rel}","templated":true}]}}