{"id":20252,"date":"2017-05-22T17:57:44","date_gmt":"2017-05-22T20:57:44","guid":{"rendered":"http:\/\/caririemacao.com\/1\/?p=20252"},"modified":"2017-05-22T17:58:55","modified_gmt":"2017-05-22T20:58:55","slug":"20252","status":"publish","type":"post","link":"https:\/\/www.caririemacao.com\/1\/2017\/05\/22\/20252\/","title":{"rendered":"C\u00e9lio Barbosa avalia como positiva XX Marcha dos Prefeitos"},"content":{"rendered":"<p>O prefeito do Munic\u00edpio de S\u00e3o Jo\u00e3o do Tigre , Celio Barbosa participou na \u00faltima semana da XX Marcha dos prefeitos de todo Brasil, que foi realizada em Bras\u00edlia (DF) em defesa dos munic\u00edpios.<\/p>\n<p>O evento de mobiliza\u00e7\u00e3o nacional organizado pela CNM (Confedera\u00e7\u00e3o Nacional de Munic\u00edpios) serve como estrat\u00e9gia de atua\u00e7\u00e3o para levar reivindica\u00e7\u00f5es a representatividade junto ao Congresso Nacional.<\/p>\n<p>Segundo a Associa\u00e7\u00e3o, o objetivo \u00e9 o de defender o \u201cencontro de contas\u201d entre governo federal e munic\u00edpios, a redu\u00e7\u00e3o do custeio das m\u00e1quinas p\u00fablicas e os recursos financeiros condizentes com as compet\u00eancias estabelecidas pelo pacto federativo.<\/p>\n<p>No Congresso, destacam-se os projetos que tratam dos res\u00edduos s\u00f3lidos, da repatria\u00e7\u00e3o, da derrubada do veto \u00e0 mat\u00e9ria do ISS (Imposto sobre Servi\u00e7os), al\u00e9m da mudan\u00e7a no crit\u00e9rio de reajuste do Piso Nacional do Mist\u00e9rio P\u00fablico.<\/p>\n<p>O prefeito C\u00e9lio esteve no gabinete do senador Raimundo Lira,. O senador garantiu a libera\u00e7\u00e3o de quase 2 milh\u00f5es que ser\u00e3o empregados na aquisi\u00e7\u00e3o de patrulha mecanizada avaliada em 400.000,00; constru\u00e7\u00e3o de dois portais no valor 700.000,00; pavimenta\u00e7\u00e3o e drenagem de vias para escoamento da produ\u00e7\u00e3o no valor 500.000,00.<\/p>\n<p>Os recursos foram destinados por Lira em reuni\u00e3o que o Prefeito C\u00e9lio Barbosa esteve com alguns prefeitos. O senador destacou que busca ajudar a todos os munic\u00edpios.<\/p>\n<p>\u201cIndependente do munic\u00edpio quero ajudar a todos, sou conhecedor da crise e temos que viabilizar esses investimentos e com isso os munic\u00edpios fazerem suas obras\u201d, destacou.<\/p>\n<p>O prefeito C\u00e9lio Barbosa ressaltou que sua viagem para Bras\u00edlia tem como principal finalidade conquistar mais recursos e a\u00e7\u00f5es para S\u00e3o Jo\u00e3o do Tigre e defender os interesses dos munic\u00edpios que s\u00e3o t\u00e3o castigados pela defasagem do Pacto Federativo ora vigente no Pa\u00eds.<\/p>\n<p><strong>CARIRI EM A\u00c7\u00c3O<\/strong><\/p>\n<p>Ascom\/Foto: Cariri em A\u00e7\u00e3o<\/p>\n<p><strong>Leia mais not\u00edcias em\u00a0<\/strong><a href=\"http:\/\/www.caririemacao.com\/\"><strong>caririemacao.com<\/strong><\/a><strong>, siga nossa p\u00e1gina no\u00a0<\/strong><a href=\"https:\/\/www.facebook.com\/CaririEmAcao\/?ref=aymt_homepage_panel\"><strong>Facebook<\/strong><\/a><strong>\u00a0e\u00a0<a href=\"https:\/\/www.instagram.com\/cariri_em_acao\/?hl=pt-br\">Instagram<\/a>\u00a0veja nossas mat\u00e9rias e fotos. Voc\u00ea tamb\u00e9m pode enviar informa\u00e7\u00f5es \u00e0 Reda\u00e7\u00e3o do Portal Cariri em A\u00e7\u00e3o pelo WhatsApp (83) 9 9634.5791, (83) 9 9601-1162.<\/strong><\/p>\n","protected":false},"excerpt":{"rendered":"<p>O prefeito do Munic\u00edpio de S\u00e3o Jo\u00e3o do Tigre , Celio Barbosa participou na \u00faltima semana da XX Marcha dos prefeitos de todo Brasil, que&hellip; <\/p>\n","protected":false},"author":2,"featured_media":20253,"comment_status":"closed","ping_status":"closed","sticky":false,"template":"","format":"standard","meta":{"sfsi_plus_gutenberg_text_before_share":"","sfsi_plus_gutenberg_show_text_before_share":"","sfsi_plus_gutenberg_icon_type":"","sfsi_plus_gutenberg_icon_alignemt":"","sfsi_plus_gutenburg_max_per_row":"","footnotes":""},"categories":[11],"tags":[],"class_list":["post-20252","post","type-post","status-publish","format-standard","has-post-thumbnail","hentry","category-politica"],"_links":{"self":[{"href":"https:\/\/www.caririemacao.com\/1\/wp-json\/wp\/v2\/posts\/20252","targetHints":{"allow":["GET"]}}],"collection":[{"href":"https:\/\/www.caririemacao.com\/1\/wp-json\/wp\/v2\/posts"}],"about":[{"href":"https:\/\/www.caririemacao.com\/1\/wp-json\/wp\/v2\/types\/post"}],"author":[{"embeddable":true,"href":"https:\/\/www.caririemacao.com\/1\/wp-json\/wp\/v2\/users\/2"}],"replies":[{"embeddable":true,"href":"https:\/\/www.caririemacao.com\/1\/wp-json\/wp\/v2\/comments?post=20252"}],"version-history":[{"count":0,"href":"https:\/\/www.caririemacao.com\/1\/wp-json\/wp\/v2\/posts\/20252\/revisions"}],"wp:featuredmedia":[{"embeddable":true,"href":"https:\/\/www.caririemacao.com\/1\/wp-json\/wp\/v2\/media\/20253"}],"wp:attachment":[{"href":"https:\/\/www.caririemacao.com\/1\/wp-json\/wp\/v2\/media?parent=20252"}],"wp:term":[{"taxonomy":"category","embeddable":true,"href":"https:\/\/www.caririemacao.com\/1\/wp-json\/wp\/v2\/categories?post=20252"},{"taxonomy":"post_tag","embeddable":true,"href":"https:\/\/www.caririemacao.com\/1\/wp-json\/wp\/v2\/tags?post=20252"}],"curies":[{"name":"wp","href":"https:\/\/api.w.org\/{rel}","templated":true}]}}