{"id":20263,"date":"2017-05-22T18:40:55","date_gmt":"2017-05-22T21:40:55","guid":{"rendered":"http:\/\/caririemacao.com\/1\/?p=20263"},"modified":"2017-05-22T18:44:20","modified_gmt":"2017-05-22T21:44:20","slug":"20263","status":"publish","type":"post","link":"https:\/\/www.caririemacao.com\/1\/2017\/05\/22\/20263\/","title":{"rendered":"Defesa de Temer desiste de recurso no STF que pedia suspens\u00e3o de inqu\u00e9rito"},"content":{"rendered":"<p class=\" \">A defesa do presidente Michel Temer desistiu nesta segunda-feira (22) do recurso no qual solicitou ao Supremo Tribunal Federal (STF) a suspens\u00e3o das investiga\u00e7\u00f5es relacionadas ao presidente. A medida foi tomada ap\u00f3s o an\u00fancio de que a Corte autorizou a Pol\u00edcia Federal a realizar uma per\u00edcia no \u00e1udio \u00a0entregue pelo empres\u00e1rio Joesley Batista em seu depoimento de dela\u00e7\u00e3o premiada.<\/p>\n<p>De acordo com um dos representantes de Michel Temer, o advogado Gustavo Guedes, ap\u00f3s o deferimento de per\u00edcia, a defesa est\u00e1 satisfeita e n\u00e3o quer mais o julgamento do recurso. Guedes tamb\u00e9m anunciou que a defesa contratou uma per\u00edcia particular para analisar o \u00e1udio. Segundo o advogado, foram encontrados &#8220;70 pontos de obscuridade no material&#8221;.<\/p>\n<p>\u201cA defesa do presidente apresentou peti\u00e7\u00e3o dizendo agora: nos sentimos atendidos com o deferimento da per\u00edcia [oficial] e a partir desse laudo que n\u00f3s juntamos agora, que nos d\u00e1 seguran\u00e7a, n\u00f3s queremos agora que isso se resolva o mais rapidamente poss\u00edvel\u201d, disse.<\/p>\n<p>A abertura do inqu\u00e9rito sobre Temer por corrup\u00e7\u00e3o passiva, organiza\u00e7\u00e3o criminosa e obstru\u00e7\u00e3o da Justi\u00e7a foi autorizada pelo ministro Edson Fachin na quinta-feira (18), a pedido da Procuradoria-Geral da Rep\u00fablica (PGR).<\/p>\n<p>Segundo o Minist\u00e9rio P\u00fablico Federal, em encontro com o empres\u00e1rio Joesley Batista, Temer deu aval para que ele continuasse a pagar uma esp\u00e9cie de mesada ao ex-deputado Eduardo Cunha e ao doleiro L\u00facio Funaro, ambos presos, para que continuassem em sil\u00eancio. O \u00e1udio da conversa, gravada por Joesley, foi disponibilizado na \u00faltima quinta-feira (18) .<\/p>\n<p>No fim de semana, em novo pronunciamento \u00e0 na\u00e7\u00e3o, Temer anunciou um recurso ao Supremo, questionou a legalidade da grava\u00e7\u00e3o e disse que h\u00e1 muitas contradi\u00e7\u00f5es no depoimento de Joesley, dono do grupo JBS, como a informa\u00e7\u00e3o de que o presidente teria dado aval para comprar o sil\u00eancio do ex-deputado Eduardo Cunha, que est\u00e1 preso em Curitiba. Temer classificou a grava\u00e7\u00e3o de clandestina, manipulada e adulterada, &#8220;com objetivos nitidamente subterr\u00e2neos&#8221;.<\/p>\n<p><strong>C\u00e1rmen L\u00facia<\/strong><\/p>\n<p>A presidente do Supremo Tribunal Federal (STF), ministra C\u00e1rmen L\u00facia, havia decidido nesta segunda-feira (22) condicionar o julgamento sobre o pedido de suspens\u00e3o do inqu\u00e9rito contra o presidente \u00e0 conclus\u00e3o da per\u00edcia no \u00e1udio da conversa entre Temer e o empres\u00e1rio Joesley Batista , dono da JBS.<\/p>\n<p>&#8220;A gravidade e a urg\u00eancia da delibera\u00e7\u00e3o do tema pelo plen\u00e1rio conduzem-me a liberar a pauta. Quando o ministro relator avisar estar habilitado a levar a quest\u00e3o, o pedido ser\u00e1 julgado em sess\u00e3o que ser\u00e1 comunicada previamente aos ministros deste tribunal&#8221;,\u00a0afirmou a presidente em decis\u00e3o de 12h50, e que foi divulgada por volta das 15h.<\/p>\n<p><span style=\"font-size: 18px;\">O \u00e1udio da conversa entre Joesley e Temer foi homologado como parte da dela\u00e7\u00e3o premiada dos executivos da JBS, maior frigor\u00edfico do Brasil. No \u00faltimo s\u00e1bado, o <\/span>inqu\u00e9rito para investigar Michel Temer foi aberto por Fachin <span style=\"font-size: 18px;\">\u00a0. No entanto, peritos afirmam que a grava\u00e7\u00e3o de \u00e1udio pode ter sido editada.<\/span><\/p>\n<p><strong>CARIRI EM A\u00c7\u00c3O<\/strong><\/p>\n<p>Ag\u00eancia Brasil\/Foto: Marcos Corr\u00eaa\/PR &#8211; 15.05.2017<\/p>\n<p><strong>Leia mais not\u00edcias em\u00a0<\/strong><a href=\"http:\/\/www.caririemacao.com\/\"><strong>caririemacao.com<\/strong><\/a><strong>, siga nossa p\u00e1gina no\u00a0<\/strong><a href=\"https:\/\/www.facebook.com\/CaririEmAcao\/?ref=aymt_homepage_panel\"><strong>Facebook<\/strong><\/a><strong>\u00a0e\u00a0<a href=\"https:\/\/www.instagram.com\/cariri_em_acao\/?hl=pt-br\">Instagram<\/a>\u00a0veja nossas mat\u00e9rias e fotos. Voc\u00ea tamb\u00e9m pode enviar informa\u00e7\u00f5es \u00e0 Reda\u00e7\u00e3o do Portal Cariri em A\u00e7\u00e3o pelo WhatsApp (83) 9 9634.5791, (83) 9 9601-1162.<\/strong><\/p>\n","protected":false},"excerpt":{"rendered":"<p>A defesa do presidente Michel Temer desistiu nesta segunda-feira (22) do recurso no qual solicitou ao Supremo Tribunal Federal (STF) a suspens\u00e3o das investiga\u00e7\u00f5es relacionadas&hellip; <\/p>\n","protected":false},"author":2,"featured_media":20264,"comment_status":"closed","ping_status":"closed","sticky":false,"template":"","format":"standard","meta":{"sfsi_plus_gutenberg_text_before_share":"","sfsi_plus_gutenberg_show_text_before_share":"","sfsi_plus_gutenberg_icon_type":"","sfsi_plus_gutenberg_icon_alignemt":"","sfsi_plus_gutenburg_max_per_row":"","footnotes":""},"categories":[11],"tags":[],"class_list":["post-20263","post","type-post","status-publish","format-standard","has-post-thumbnail","hentry","category-politica"],"_links":{"self":[{"href":"https:\/\/www.caririemacao.com\/1\/wp-json\/wp\/v2\/posts\/20263","targetHints":{"allow":["GET"]}}],"collection":[{"href":"https:\/\/www.caririemacao.com\/1\/wp-json\/wp\/v2\/posts"}],"about":[{"href":"https:\/\/www.caririemacao.com\/1\/wp-json\/wp\/v2\/types\/post"}],"author":[{"embeddable":true,"href":"https:\/\/www.caririemacao.com\/1\/wp-json\/wp\/v2\/users\/2"}],"replies":[{"embeddable":true,"href":"https:\/\/www.caririemacao.com\/1\/wp-json\/wp\/v2\/comments?post=20263"}],"version-history":[{"count":0,"href":"https:\/\/www.caririemacao.com\/1\/wp-json\/wp\/v2\/posts\/20263\/revisions"}],"wp:featuredmedia":[{"embeddable":true,"href":"https:\/\/www.caririemacao.com\/1\/wp-json\/wp\/v2\/media\/20264"}],"wp:attachment":[{"href":"https:\/\/www.caririemacao.com\/1\/wp-json\/wp\/v2\/media?parent=20263"}],"wp:term":[{"taxonomy":"category","embeddable":true,"href":"https:\/\/www.caririemacao.com\/1\/wp-json\/wp\/v2\/categories?post=20263"},{"taxonomy":"post_tag","embeddable":true,"href":"https:\/\/www.caririemacao.com\/1\/wp-json\/wp\/v2\/tags?post=20263"}],"curies":[{"name":"wp","href":"https:\/\/api.w.org\/{rel}","templated":true}]}}