{"id":20269,"date":"2017-05-22T23:03:14","date_gmt":"2017-05-23T02:03:14","guid":{"rendered":"http:\/\/caririemacao.com\/1\/?p=20269"},"modified":"2017-05-22T23:03:14","modified_gmt":"2017-05-23T02:03:14","slug":"prefeitura-de-serra-branca-realiza-uma-grande-festa-para-as-maes","status":"publish","type":"post","link":"https:\/\/www.caririemacao.com\/1\/2017\/05\/22\/prefeitura-de-serra-branca-realiza-uma-grande-festa-para-as-maes\/","title":{"rendered":"Prefeitura de Serra Branca realiza uma grande festa para as m\u00e3es"},"content":{"rendered":"<p>Maio, o m\u00eas em que se comemora o dia das m\u00e3es, foi tratado pela Prefeitura de Serra Branca como uma grande oportunidade de agradecer o carinho de todas as m\u00e3es serranquenses. Para isso, a Prefeitura de Serra Branca, por meio da Secretaria de Assist\u00eancia Social promoveu uma programa\u00e7\u00e3o especial.<\/p>\n<p>A programa\u00e7\u00e3o, al\u00e9m de atender as m\u00e3es da sede do munic\u00edpio, tamb\u00e9m atendeu v\u00e1rias comunidades, entre elas, o distrito de Sucuru. No distrito, foram sorteados pr\u00eamios, distribu\u00eddos brindes e servido um delicioso jantar para as m\u00e3es.<\/p>\n<p><a href=\"http:\/\/caririemacao.com\/1\/wp-content\/uploads\/2017\/05\/WhatsApp-Image-2017-05-22-at-3.43.43-PM.jpeg\"><img fetchpriority=\"high\" decoding=\"async\" class=\"wp-image-20271  aligncenter\" src=\"http:\/\/caririemacao.com\/1\/wp-content\/uploads\/2017\/05\/WhatsApp-Image-2017-05-22-at-3.43.43-PM.jpeg\" alt=\"\" width=\"524\" height=\"393\" srcset=\"https:\/\/www.caririemacao.com\/1\/wp-content\/uploads\/2017\/05\/WhatsApp-Image-2017-05-22-at-3.43.43-PM.jpeg 960w, https:\/\/www.caririemacao.com\/1\/wp-content\/uploads\/2017\/05\/WhatsApp-Image-2017-05-22-at-3.43.43-PM-300x225.jpeg 300w, https:\/\/www.caririemacao.com\/1\/wp-content\/uploads\/2017\/05\/WhatsApp-Image-2017-05-22-at-3.43.43-PM-768x576.jpeg 768w\" sizes=\"(max-width: 524px) 100vw, 524px\" \/><\/a><\/p>\n<p>J\u00e1 neste domingo, dia 21, a festa foi na Palho\u00e7a do Flamengo, onde o prefeito Souzinha e sua equipe prepararam uma bel\u00edssima homenagem. O prefeito Souzinha parabenizou as m\u00e3es pela data e ressaltou a import\u00e2ncia da homenagem.<\/p>\n<p><img decoding=\"async\" class=\"aligncenter wp-image-20272 lazyload\" data-src=\"http:\/\/caririemacao.com\/1\/wp-content\/uploads\/2017\/05\/WhatsApp-Image-2017-05-22-at-3.43.47-PM-1024x682.jpeg\" alt=\"\" width=\"544\" height=\"362\" data-srcset=\"https:\/\/www.caririemacao.com\/1\/wp-content\/uploads\/2017\/05\/WhatsApp-Image-2017-05-22-at-3.43.47-PM-1024x682.jpeg 1024w, https:\/\/www.caririemacao.com\/1\/wp-content\/uploads\/2017\/05\/WhatsApp-Image-2017-05-22-at-3.43.47-PM-300x200.jpeg 300w, https:\/\/www.caririemacao.com\/1\/wp-content\/uploads\/2017\/05\/WhatsApp-Image-2017-05-22-at-3.43.47-PM-768x512.jpeg 768w, https:\/\/www.caririemacao.com\/1\/wp-content\/uploads\/2017\/05\/WhatsApp-Image-2017-05-22-at-3.43.47-PM.jpeg 1280w\" data-sizes=\"(max-width: 544px) 100vw, 544px\" src=\"data:image\/svg+xml;base64,PHN2ZyB3aWR0aD0iMSIgaGVpZ2h0PSIxIiB4bWxucz0iaHR0cDovL3d3dy53My5vcmcvMjAwMC9zdmciPjwvc3ZnPg==\" style=\"--smush-placeholder-width: 544px; --smush-placeholder-aspect-ratio: 544\/362;\" \/><\/p>\n<p>&#8220;Esta \u00e9 uma data muito importante e n\u00f3s jamais poder\u00edamos deixar de comemorar o Dia das M\u00e3es com as nossas rainhas do lar. Quero deixar aqui registrado a alegria que sinto ao poder possibilitar a estas mulheres valorosas e \u00e0 nossa comunidade este momento de confraterniza\u00e7\u00e3o&#8221;, disse Souzinha, bastante emocionado.<\/p>\n<p>Al\u00e9m do prefeito Souzinha e sua equipe de governo, tamb\u00e9m estiveram presentes vereadores e autoridades do munic\u00edpio que foram prestar suas homenagens.<\/p>\n<p><strong>CARIRI EM A\u00c7\u00c3O<\/strong><\/p>\n<p>Leia mais not\u00edcias em\u00a0<a href=\"http:\/\/www.caririemacao.com\/\">caririemacao.com<\/a>, siga nossa p\u00e1gina no<a href=\"https:\/\/www.facebook.com\/CaririEmAcao\/\">\u00a0Facebook<\/a>\u00a0e\u00a0<a href=\"https:\/\/www.instagram.com\/cariri_em_acao\/?hl=pt-br\">Instagram<\/a>\u00a0veja nossas mat\u00e9rias e fotos. Voc\u00ea tamb\u00e9m pode enviar informa\u00e7\u00f5es \u00e0 Reda\u00e7\u00e3o do Portal Cariri em A\u00e7\u00e3o pelo Whatsapp (83) 9 9634.5791, (83) 9 9601-1162.<\/p>\n","protected":false},"excerpt":{"rendered":"<p>Maio, o m\u00eas em que se comemora o dia das m\u00e3es, foi tratado pela Prefeitura de Serra Branca como uma grande oportunidade de agradecer o&hellip; <\/p>\n","protected":false},"author":2,"featured_media":20273,"comment_status":"closed","ping_status":"closed","sticky":false,"template":"","format":"standard","meta":{"sfsi_plus_gutenberg_text_before_share":"","sfsi_plus_gutenberg_show_text_before_share":"","sfsi_plus_gutenberg_icon_type":"","sfsi_plus_gutenberg_icon_alignemt":"","sfsi_plus_gutenburg_max_per_row":"","footnotes":""},"categories":[6],"tags":[],"class_list":["post-20269","post","type-post","status-publish","format-standard","has-post-thumbnail","hentry","category-cidades"],"_links":{"self":[{"href":"https:\/\/www.caririemacao.com\/1\/wp-json\/wp\/v2\/posts\/20269","targetHints":{"allow":["GET"]}}],"collection":[{"href":"https:\/\/www.caririemacao.com\/1\/wp-json\/wp\/v2\/posts"}],"about":[{"href":"https:\/\/www.caririemacao.com\/1\/wp-json\/wp\/v2\/types\/post"}],"author":[{"embeddable":true,"href":"https:\/\/www.caririemacao.com\/1\/wp-json\/wp\/v2\/users\/2"}],"replies":[{"embeddable":true,"href":"https:\/\/www.caririemacao.com\/1\/wp-json\/wp\/v2\/comments?post=20269"}],"version-history":[{"count":0,"href":"https:\/\/www.caririemacao.com\/1\/wp-json\/wp\/v2\/posts\/20269\/revisions"}],"wp:featuredmedia":[{"embeddable":true,"href":"https:\/\/www.caririemacao.com\/1\/wp-json\/wp\/v2\/media\/20273"}],"wp:attachment":[{"href":"https:\/\/www.caririemacao.com\/1\/wp-json\/wp\/v2\/media?parent=20269"}],"wp:term":[{"taxonomy":"category","embeddable":true,"href":"https:\/\/www.caririemacao.com\/1\/wp-json\/wp\/v2\/categories?post=20269"},{"taxonomy":"post_tag","embeddable":true,"href":"https:\/\/www.caririemacao.com\/1\/wp-json\/wp\/v2\/tags?post=20269"}],"curies":[{"name":"wp","href":"https:\/\/api.w.org\/{rel}","templated":true}]}}