{"id":20281,"date":"2017-05-23T10:35:09","date_gmt":"2017-05-23T13:35:09","guid":{"rendered":"http:\/\/caririemacao.com\/1\/?p=20281"},"modified":"2017-05-24T10:03:14","modified_gmt":"2017-05-24T13:03:14","slug":"festival-do-umbu-chega-ao-seu-ultimo-dia-com-saldo-positivo","status":"publish","type":"post","link":"https:\/\/www.caririemacao.com\/1\/2017\/05\/23\/festival-do-umbu-chega-ao-seu-ultimo-dia-com-saldo-positivo\/","title":{"rendered":"Festival do Umbu chega ao seu \u00faltimo dia com saldo positivo"},"content":{"rendered":"<p>Depois de 4 dias de programa\u00e7\u00e3o, a 7\u00aa Edi\u00e7\u00e3o do Festival do Umbu chegou ao fim com saldo positivo e uma grande participa\u00e7\u00e3o das pessoas em todos os dias.<\/p>\n<p>O evento teve in\u00edcio no dia 18 de maio e se estendeu at\u00e9 esta segunda-feira, 22. O encerramento aconteceu na feira livre de Sum\u00e9 e contou com a presen\u00e7a da popula\u00e7\u00e3o e profissionais ligados ao segmento.<\/p>\n<p>Durante o festival, foram realizadas diversas atividades na Escola Agrot\u00e9cnica Deputado Evaldo Gon\u00e7alves de Queiroz, Escola de Campo de Pio X, Mercado P\u00fablico e Pra\u00e7a Jos\u00e9 Am\u00e9rico.<\/p>\n<p><a href=\"http:\/\/caririemacao.com\/1\/wp-content\/uploads\/2017\/05\/18582027_1022840614518628_6412088540186790954_n.jpg\"><img fetchpriority=\"high\" decoding=\"async\" class=\"aligncenter wp-image-20285 size-full\" src=\"http:\/\/caririemacao.com\/1\/wp-content\/uploads\/2017\/05\/18582027_1022840614518628_6412088540186790954_n.jpg\" alt=\"\" width=\"800\" height=\"532\" srcset=\"https:\/\/www.caririemacao.com\/1\/wp-content\/uploads\/2017\/05\/18582027_1022840614518628_6412088540186790954_n.jpg 800w, https:\/\/www.caririemacao.com\/1\/wp-content\/uploads\/2017\/05\/18582027_1022840614518628_6412088540186790954_n-300x200.jpg 300w, https:\/\/www.caririemacao.com\/1\/wp-content\/uploads\/2017\/05\/18582027_1022840614518628_6412088540186790954_n-768x511.jpg 768w\" sizes=\"(max-width: 800px) 100vw, 800px\" \/><\/a><\/p>\n<p>O diretor da Escola Agrot\u00e9cnica Deputado Evaldo Gon\u00e7alves de Queiroz, professor Messias, disse ao Cariri em A\u00e7\u00e3o que o Festival do Umbu promoveu palestras, mesas gastron\u00f4micas, mostra cultural e festa com forr\u00f3 p\u00e9 de serra, objetivando a promo\u00e7\u00e3o e comercializa\u00e7\u00e3o do umbu, trabalhando sua import\u00e2ncia nutricional e econ\u00f4mica.<\/p>\n<p>O prefeito \u00c9den Duarte avaliou como um evento importante para a valoriza\u00e7\u00e3o do umbu e suas contribui\u00e7\u00f5es para a economia local. \u201cEste festival busca incentivar a cultura do umbu e a promo\u00e7\u00e3o da gera\u00e7\u00e3o de renda deste segmento importante para o munic\u00edpio, contribuindo para que centenas de agricultores familiares tenham mais uma alternativa economica e cultural\u201d, finalizou o prefeito.<\/p>\n<p><a href=\"http:\/\/caririemacao.com\/1\/wp-content\/uploads\/2017\/05\/18664458_1022849281184428_2274144848393607388_n.jpg\"><img decoding=\"async\" class=\"aligncenter wp-image-20284 size-full lazyload\" data-src=\"http:\/\/caririemacao.com\/1\/wp-content\/uploads\/2017\/05\/18664458_1022849281184428_2274144848393607388_n.jpg\" alt=\"\" width=\"800\" height=\"532\" data-srcset=\"https:\/\/www.caririemacao.com\/1\/wp-content\/uploads\/2017\/05\/18664458_1022849281184428_2274144848393607388_n.jpg 800w, https:\/\/www.caririemacao.com\/1\/wp-content\/uploads\/2017\/05\/18664458_1022849281184428_2274144848393607388_n-300x200.jpg 300w, https:\/\/www.caririemacao.com\/1\/wp-content\/uploads\/2017\/05\/18664458_1022849281184428_2274144848393607388_n-768x511.jpg 768w\" data-sizes=\"(max-width: 800px) 100vw, 800px\" src=\"data:image\/svg+xml;base64,PHN2ZyB3aWR0aD0iMSIgaGVpZ2h0PSIxIiB4bWxucz0iaHR0cDovL3d3dy53My5vcmcvMjAwMC9zdmciPjwvc3ZnPg==\" style=\"--smush-placeholder-width: 800px; --smush-placeholder-aspect-ratio: 800\/532;\" \/><\/a><\/p>\n<p>O Festival foi uma promo\u00e7\u00e3o da Prefeitura Municipal de Sum\u00e9, atrav\u00e9s da Escola Agrot\u00e9cnica Deputado Evaldo Gon\u00e7alves de Queiroz, patrocinado pelo\u00a0Banco do Nordeste.<\/p>\n<p><strong>VEJA FOTOS DE TODOS OS DIAS DO FESTIVAL, CLIQUE NOS LINKS ABAIXO:<\/strong><\/p>\n<p><a href=\"https:\/\/www.facebook.com\/pg\/CaririEmAcao\/photos\/?tab=album&amp;album_id=1021406611328695\">CONFIRA FOTOS DO 1\u00ba DIA<\/a><\/p>\n<p><a href=\"https:\/\/www.facebook.com\/pg\/CaririEmAcao\/photos\/?tab=album&amp;album_id=1021265404676149\">CONFIRA FOTOS DO 2\u00ba DIA<\/a><\/p>\n<p><a href=\"https:\/\/www.facebook.com\/302749469861083\/photos\/?tab=album&amp;album_id=1021890031280353\">CONFIRA FOTOS DO 3\u00ba DIA<\/a><\/p>\n<p><a href=\"https:\/\/www.facebook.com\/pg\/CaririEmAcao\/photos\/?tab=album&amp;album_id=1022837964518893\">CONFIRA FOTOS DO 4\u00ba DIA<\/a><\/p>\n<p><strong>CARIRI EM A\u00c7\u00c3O<\/strong><\/p>\n<p>Leia mais not\u00edcias em\u00a0<a href=\"http:\/\/www.caririemacao.com\/\">caririemacao.com<\/a>, siga nossa p\u00e1gina no<a href=\"https:\/\/www.facebook.com\/CaririEmAcao\/\">\u00a0Facebook<\/a>\u00a0e\u00a0<a href=\"https:\/\/www.instagram.com\/cariri_em_acao\/?hl=pt-br\">Instagram<\/a>\u00a0veja nossas mat\u00e9rias e fotos. Voc\u00ea tamb\u00e9m pode enviar informa\u00e7\u00f5es \u00e0 Reda\u00e7\u00e3o do Portal Cariri em A\u00e7\u00e3o pelo Whatsapp (83) 9 9634.5791, (83) 9 9601-1162.<\/p>\n","protected":false},"excerpt":{"rendered":"<p>Depois de 4 dias de programa\u00e7\u00e3o, a 7\u00aa Edi\u00e7\u00e3o do Festival do Umbu chegou ao fim com saldo positivo e uma grande participa\u00e7\u00e3o das pessoas&hellip; <\/p>\n","protected":false},"author":2,"featured_media":20286,"comment_status":"closed","ping_status":"closed","sticky":false,"template":"","format":"standard","meta":{"sfsi_plus_gutenberg_text_before_share":"","sfsi_plus_gutenberg_show_text_before_share":"","sfsi_plus_gutenberg_icon_type":"","sfsi_plus_gutenberg_icon_alignemt":"","sfsi_plus_gutenburg_max_per_row":"","footnotes":""},"categories":[6],"tags":[],"class_list":["post-20281","post","type-post","status-publish","format-standard","has-post-thumbnail","hentry","category-cidades"],"_links":{"self":[{"href":"https:\/\/www.caririemacao.com\/1\/wp-json\/wp\/v2\/posts\/20281","targetHints":{"allow":["GET"]}}],"collection":[{"href":"https:\/\/www.caririemacao.com\/1\/wp-json\/wp\/v2\/posts"}],"about":[{"href":"https:\/\/www.caririemacao.com\/1\/wp-json\/wp\/v2\/types\/post"}],"author":[{"embeddable":true,"href":"https:\/\/www.caririemacao.com\/1\/wp-json\/wp\/v2\/users\/2"}],"replies":[{"embeddable":true,"href":"https:\/\/www.caririemacao.com\/1\/wp-json\/wp\/v2\/comments?post=20281"}],"version-history":[{"count":0,"href":"https:\/\/www.caririemacao.com\/1\/wp-json\/wp\/v2\/posts\/20281\/revisions"}],"wp:featuredmedia":[{"embeddable":true,"href":"https:\/\/www.caririemacao.com\/1\/wp-json\/wp\/v2\/media\/20286"}],"wp:attachment":[{"href":"https:\/\/www.caririemacao.com\/1\/wp-json\/wp\/v2\/media?parent=20281"}],"wp:term":[{"taxonomy":"category","embeddable":true,"href":"https:\/\/www.caririemacao.com\/1\/wp-json\/wp\/v2\/categories?post=20281"},{"taxonomy":"post_tag","embeddable":true,"href":"https:\/\/www.caririemacao.com\/1\/wp-json\/wp\/v2\/tags?post=20281"}],"curies":[{"name":"wp","href":"https:\/\/api.w.org\/{rel}","templated":true}]}}