{"id":20283,"date":"2017-05-23T10:31:58","date_gmt":"2017-05-23T13:31:58","guid":{"rendered":"http:\/\/caririemacao.com\/1\/?p=20283"},"modified":"2017-05-23T10:31:58","modified_gmt":"2017-05-23T13:31:58","slug":"acude-boqueirao-chega-a-5-da-capacidade-total-e-sai-de-situacao-critica-diz-aesa","status":"publish","type":"post","link":"https:\/\/www.caririemacao.com\/1\/2017\/05\/23\/acude-boqueirao-chega-a-5-da-capacidade-total-e-sai-de-situacao-critica-diz-aesa\/","title":{"rendered":"A\u00e7ude Boqueir\u00e3o chega a 5% da capacidade total e sai de situa\u00e7\u00e3o cr\u00edtica, diz Aesa"},"content":{"rendered":"<p>Pouco mais de um m\u00eas ap\u00f3s a chegada das \u00e1guas do Rio S\u00e3o Francisco, o A\u00e7ude Epit\u00e1cio Pessoa, o Boqueir\u00e3o, atingiu a marca de 5% de sua capacidade, segundo aponta o monitoramento feito pela Ag\u00eancia Executiva de Gest\u00e3o das \u00c1guas (Aesa).<\/p>\n<p>De acordo com o estudo, agora o reservat\u00f3rio que \u00e9 respons\u00e1vel por abastecer Campina Grande e Regi\u00e3o est\u00e1 com 20.628.287 m\u00b3. Com isso, o Boqueir\u00e3o deixa de figurar entre os a\u00e7udes em situa\u00e7\u00e3o cr\u00edtica e passa a fazer parte dos reservat\u00f3rios \u201cem observa\u00e7\u00e3o\u201d.<\/p>\n<p>Apesar do avan\u00e7o no n\u00edvel de abastecimento, ainda falta muito para que o a\u00e7ude deixe de preocupar as autoridades. Os par\u00e2metros estabelecidos pela Aesa dizem que para um a\u00e7ude saia do status \u201cem observa\u00e7\u00e3o\u201d \u00e9 necess\u00e1rio que ele atinja 20% de sua capacidade.<\/p>\n<p>Ainda n\u00e3o h\u00e1 previs\u00e3o para que os produtores rurais possam utilizar as \u00e1guas do reservat\u00f3rio para a irriga\u00e7\u00e3o.<\/p>\n<p><strong>CARIRI EM A\u00c7\u00c3O<\/strong><\/p>\n<p>Portal Correio\/Foto:\u00a0\/TV Correio HD<\/p>\n<p><strong>Leia mais not\u00edcias em\u00a0<\/strong><a href=\"http:\/\/www.caririemacao.com\/\"><strong>caririemacao.com<\/strong><\/a><strong>, siga nossa p\u00e1gina no\u00a0<\/strong><a href=\"https:\/\/www.facebook.com\/CaririEmAcao\/?ref=aymt_homepage_panel\"><strong>Facebook<\/strong><\/a><strong>\u00a0e\u00a0<a href=\"https:\/\/www.instagram.com\/cariri_em_acao\/?hl=pt-br\">Instagram<\/a>\u00a0veja nossas mat\u00e9rias e fotos. Voc\u00ea tamb\u00e9m pode enviar informa\u00e7\u00f5es \u00e0 Reda\u00e7\u00e3o do Portal Cariri em A\u00e7\u00e3o pelo WhatsApp (83) 9 9634.5791, (83) 9 9601-1162.<\/strong><\/p>\n","protected":false},"excerpt":{"rendered":"<p>Pouco mais de um m\u00eas ap\u00f3s a chegada das \u00e1guas do Rio S\u00e3o Francisco, o A\u00e7ude Epit\u00e1cio Pessoa, o Boqueir\u00e3o, atingiu a marca de 5%&hellip; <\/p>\n","protected":false},"author":2,"featured_media":20287,"comment_status":"closed","ping_status":"closed","sticky":false,"template":"","format":"standard","meta":{"sfsi_plus_gutenberg_text_before_share":"","sfsi_plus_gutenberg_show_text_before_share":"","sfsi_plus_gutenberg_icon_type":"","sfsi_plus_gutenberg_icon_alignemt":"","sfsi_plus_gutenburg_max_per_row":"","footnotes":""},"categories":[6],"tags":[],"class_list":["post-20283","post","type-post","status-publish","format-standard","has-post-thumbnail","hentry","category-cidades"],"_links":{"self":[{"href":"https:\/\/www.caririemacao.com\/1\/wp-json\/wp\/v2\/posts\/20283","targetHints":{"allow":["GET"]}}],"collection":[{"href":"https:\/\/www.caririemacao.com\/1\/wp-json\/wp\/v2\/posts"}],"about":[{"href":"https:\/\/www.caririemacao.com\/1\/wp-json\/wp\/v2\/types\/post"}],"author":[{"embeddable":true,"href":"https:\/\/www.caririemacao.com\/1\/wp-json\/wp\/v2\/users\/2"}],"replies":[{"embeddable":true,"href":"https:\/\/www.caririemacao.com\/1\/wp-json\/wp\/v2\/comments?post=20283"}],"version-history":[{"count":0,"href":"https:\/\/www.caririemacao.com\/1\/wp-json\/wp\/v2\/posts\/20283\/revisions"}],"wp:featuredmedia":[{"embeddable":true,"href":"https:\/\/www.caririemacao.com\/1\/wp-json\/wp\/v2\/media\/20287"}],"wp:attachment":[{"href":"https:\/\/www.caririemacao.com\/1\/wp-json\/wp\/v2\/media?parent=20283"}],"wp:term":[{"taxonomy":"category","embeddable":true,"href":"https:\/\/www.caririemacao.com\/1\/wp-json\/wp\/v2\/categories?post=20283"},{"taxonomy":"post_tag","embeddable":true,"href":"https:\/\/www.caririemacao.com\/1\/wp-json\/wp\/v2\/tags?post=20283"}],"curies":[{"name":"wp","href":"https:\/\/api.w.org\/{rel}","templated":true}]}}