{"id":203189,"date":"2021-01-20T06:44:47","date_gmt":"2021-01-20T09:44:47","guid":{"rendered":"https:\/\/www.caririemacao.com\/1\/?p=203189"},"modified":"2021-01-20T06:44:49","modified_gmt":"2021-01-20T09:44:49","slug":"fotografo-supostamente-fura-fila-e-e-vacinado-contra-covid-em-pernambuco-mp-abre-investigacao","status":"publish","type":"post","link":"https:\/\/www.caririemacao.com\/1\/2021\/01\/20\/fotografo-supostamente-fura-fila-e-e-vacinado-contra-covid-em-pernambuco-mp-abre-investigacao\/","title":{"rendered":"Fot\u00f3grafo supostamente fura fila e \u00e9 vacinado contra Covid em Pernambuco; MP abre investiga\u00e7\u00e3o"},"content":{"rendered":"\n<p class=\"wp-block-paragraph\">O Minist\u00e9rio P\u00fablico de Pernambuco (MPPE) abriu um procedimento, na tarde desta ter\u00e7a-feira (19), para apurar, \u00e2mbito civil e criminal, a suposta vacina\u00e7\u00e3o de uma pessoa fora do grupo priorit\u00e1rio contra a Covid-19. O caso aconteceu na manh\u00e3 de hoje, em Jupi, agreste de Pernambuco. O munic\u00edpio recebeu 136 unidades da vacina para duas doses, a serem aplicadas em 68 profissionais de sa\u00fade que atuam no munic\u00edpio \u2014 1\/3 do total.<\/p>\n\n\n\n<p class=\"wp-block-paragraph\">Imagens viralizaram nas redes sociais mostrando um fot\u00f3grafo da prefeitura recebendo uma dose do CoronaVac, desrespeitando as determina\u00e7\u00f5es do programa de imuniza\u00e7\u00e3o.<\/p>\n\n\n\n<p class=\"wp-block-paragraph\">Em entrevista \u00e0 TV Asa Branca, afiliada da TV Globo no interior de Pernambuco, ele disse que era uma &#8220;brincadeira&#8221;, mas n\u00e3o confirmou se era de fato a vacina da Covid-19.<\/p>\n\n\n\n<p class=\"wp-block-paragraph\">Vamos oficiar a Secretaria Municipal de Sa\u00fade para prestar esclarecimentos, bem como os profissionais de sa\u00fade que realizaram o procedimento, al\u00e9m da delegacia local para apurar conduta penal acerca do caso&#8221;, informou a promotora de Justi\u00e7a de Jupi, Adna Vasconcelos, por meio de comunicado \u00e0 imprensa.<\/p>\n\n\n\n<p class=\"wp-block-paragraph\">Em nota, o MPPE informou que o procurador-geral de Justi\u00e7a de Pernambuco, Paulo Augusto de Freitas Oliveira, &#8220;entrou em contato com a colega e disponibilizou a equipe do Centro Operacional de Apoio \u00e0s Promotorias de Defesa da Sa\u00fade [CAOP Sa\u00fade] e seus assessores para o apoio necess\u00e1rio. Al\u00e9m disso, acompanhar\u00e1 a apura\u00e7\u00e3o do fato, a fim de tamb\u00e9m adotar as medidas que se fizerem necess\u00e1rias na esfera criminal, na hip\u00f3tese de haver envolvimento de agente com prerrogativa de foro&#8221;.<\/p>\n\n\n\n<p class=\"wp-block-paragraph\">A Secretaria Estadual de Sa\u00fade de Pernambuco (SES-PE), por meio de nota, disse que &#8220;vai solicitar apoio ao Minist\u00e9rio P\u00fablico de Pernambuco (MPPE) e \u00e0 Secretaria de Defesa Social para que o caso seja investigado e, se confirmada a imuniza\u00e7\u00e3o fora do grupo priorit\u00e1rio, com desvio de finalidade, os respons\u00e1veis sejam punidos&#8221;.<\/p>\n\n\n\n<p class=\"wp-block-paragraph\">ClickPB<\/p>\n","protected":false},"excerpt":{"rendered":"<p>O Minist\u00e9rio P\u00fablico de Pernambuco (MPPE) abriu um procedimento, na tarde desta ter\u00e7a-feira (19), para apurar, \u00e2mbito civil e criminal, a suposta vacina\u00e7\u00e3o de uma pessoa fora do grupo priorit\u00e1rio contra a Covid-19. O caso aconteceu na manh\u00e3 de hoje, em Jupi, agreste de Pernambuco. O munic\u00edpio recebeu 136 unidades da vacina para duas doses, a serem aplicadas em 68 profissionais de sa\u00fade que atuam no munic\u00edpio \u2014 1\/3 do total. Imagens viralizaram nas redes sociais mostrando um fot\u00f3grafo da prefeitura recebendo uma dose do CoronaVac, desrespeitando as determina\u00e7\u00f5es do programa de imuniza\u00e7\u00e3o. Em entrevista \u00e0 TV Asa Branca, afiliada da TV Globo no interior de Pernambuco, ele disse que era uma &#8220;brincadeira&#8221;, mas n\u00e3o confirmou se era de fato a vacina da Covid-19. Vamos oficiar a Secretaria Municipal de Sa\u00fade para prestar esclarecimentos, bem como os profissionais de sa\u00fade que realizaram o procedimento, al\u00e9m da delegacia local para apurar conduta penal acerca do caso&#8221;, informou a promotora de Justi\u00e7a de Jupi, Adna Vasconcelos, por meio de comunicado \u00e0 imprensa. Em nota, o MPPE informou que o procurador-geral de Justi\u00e7a de Pernambuco, Paulo Augusto de Freitas Oliveira, &#8220;entrou em contato com a colega e disponibilizou a equipe do Centro Operacional de Apoio \u00e0s Promotorias de Defesa da Sa\u00fade [CAOP Sa\u00fade] e seus assessores para o apoio necess\u00e1rio. Al\u00e9m disso, acompanhar\u00e1 a apura\u00e7\u00e3o do fato, a fim de tamb\u00e9m adotar as medidas que se fizerem necess\u00e1rias na esfera criminal, na hip\u00f3tese de haver envolvimento de agente com prerrogativa de foro&#8221;. A Secretaria Estadual de Sa\u00fade de Pernambuco (SES-PE), por meio de nota, disse que &#8220;vai solicitar apoio ao Minist\u00e9rio P\u00fablico de Pernambuco (MPPE) e \u00e0 Secretaria de Defesa Social para que o caso seja investigado e, se confirmada a imuniza\u00e7\u00e3o fora do grupo priorit\u00e1rio, com desvio de finalidade, os respons\u00e1veis sejam punidos&#8221;. ClickPB<\/p>\n","protected":false},"author":6,"featured_media":203190,"comment_status":"closed","ping_status":"closed","sticky":false,"template":"","format":"standard","meta":{"sfsi_plus_gutenberg_text_before_share":"","sfsi_plus_gutenberg_show_text_before_share":"","sfsi_plus_gutenberg_icon_type":"","sfsi_plus_gutenberg_icon_alignemt":"","sfsi_plus_gutenburg_max_per_row":"","footnotes":""},"categories":[50,16],"tags":[],"class_list":["post-203189","post","type-post","status-publish","format-standard","has-post-thumbnail","hentry","category-destaque","category-saude"],"_links":{"self":[{"href":"https:\/\/www.caririemacao.com\/1\/wp-json\/wp\/v2\/posts\/203189","targetHints":{"allow":["GET"]}}],"collection":[{"href":"https:\/\/www.caririemacao.com\/1\/wp-json\/wp\/v2\/posts"}],"about":[{"href":"https:\/\/www.caririemacao.com\/1\/wp-json\/wp\/v2\/types\/post"}],"author":[{"embeddable":true,"href":"https:\/\/www.caririemacao.com\/1\/wp-json\/wp\/v2\/users\/6"}],"replies":[{"embeddable":true,"href":"https:\/\/www.caririemacao.com\/1\/wp-json\/wp\/v2\/comments?post=203189"}],"version-history":[{"count":1,"href":"https:\/\/www.caririemacao.com\/1\/wp-json\/wp\/v2\/posts\/203189\/revisions"}],"predecessor-version":[{"id":203191,"href":"https:\/\/www.caririemacao.com\/1\/wp-json\/wp\/v2\/posts\/203189\/revisions\/203191"}],"wp:featuredmedia":[{"embeddable":true,"href":"https:\/\/www.caririemacao.com\/1\/wp-json\/wp\/v2\/media\/203190"}],"wp:attachment":[{"href":"https:\/\/www.caririemacao.com\/1\/wp-json\/wp\/v2\/media?parent=203189"}],"wp:term":[{"taxonomy":"category","embeddable":true,"href":"https:\/\/www.caririemacao.com\/1\/wp-json\/wp\/v2\/categories?post=203189"},{"taxonomy":"post_tag","embeddable":true,"href":"https:\/\/www.caririemacao.com\/1\/wp-json\/wp\/v2\/tags?post=203189"}],"curies":[{"name":"wp","href":"https:\/\/api.w.org\/{rel}","templated":true}]}}