{"id":204081,"date":"2021-01-26T19:12:27","date_gmt":"2021-01-26T22:12:27","guid":{"rendered":"https:\/\/www.caririemacao.com\/1\/?p=204081"},"modified":"2021-01-26T19:15:05","modified_gmt":"2021-01-26T22:15:05","slug":"vereadora-andreia-das-cupiras-encaminha-oficios-a-secretaria-de-saude-de-monteiro","status":"publish","type":"post","link":"https:\/\/www.caririemacao.com\/1\/2021\/01\/26\/vereadora-andreia-das-cupiras-encaminha-oficios-a-secretaria-de-saude-de-monteiro\/","title":{"rendered":"Vereadora Andreia das Cupiras encaminha of\u00edcios a Secretaria de Sa\u00fade de Monteiro"},"content":{"rendered":"\n<p>No primeiro of\u00edcio, a vereadora solicita que seja divulgada nas redes sociais da prefeitura a quantidade de vacinas recebidas pelo munic\u00edpio para combate da Covid-19, juntamente com a lista de cidad\u00e3os vacinados. <\/p>\n\n\n\n<figure class=\"wp-block-image size-large\"><img fetchpriority=\"high\" decoding=\"async\" width=\"737\" height=\"1024\" src=\"https:\/\/www.caririemacao.com\/1\/wp-content\/uploads\/2021\/01\/202101261335191001-737x1024.jpg\" alt=\"\" class=\"wp-image-204084\" srcset=\"https:\/\/www.caririemacao.com\/1\/wp-content\/uploads\/2021\/01\/202101261335191001-737x1024.jpg 737w, https:\/\/www.caririemacao.com\/1\/wp-content\/uploads\/2021\/01\/202101261335191001-216x300.jpg 216w, https:\/\/www.caririemacao.com\/1\/wp-content\/uploads\/2021\/01\/202101261335191001-768x1068.jpg 768w, https:\/\/www.caririemacao.com\/1\/wp-content\/uploads\/2021\/01\/202101261335191001-1105x1536.jpg 1105w, https:\/\/www.caririemacao.com\/1\/wp-content\/uploads\/2021\/01\/202101261335191001.jpg 1842w\" sizes=\"(max-width: 737px) 100vw, 737px\" \/><\/figure>\n\n\n\n<p>No segundo of\u00edcio, preocupada com o desenvolvimento pedag\u00f3gico e acad\u00eamico dos estudantes da rede municipal, a vereadora solicitou que os profissionais da Educa\u00e7\u00e3o da rede municipal sejam inclu\u00eddos no grupo priorit\u00e1rio, possibilitando assim, o retorno das aulas em formato h\u00edbrido de maneira mais segura.<\/p>\n\n\n\n\n\n<p>Nossa reda\u00e7\u00e3o entrou em contato com a vereadora, a qual enfatizou &#8221; \u00c9 de extrema import\u00e2ncia para a transpar\u00eancia p\u00fablica, que seja divulgada continuamente o recebimento das doses de vacinas pelo munic\u00edpio, bem como a lista de cidad\u00e3os vacinados, para que a popula\u00e7\u00e3o fique bem informada sobre a execu\u00e7\u00e3o do plano de vacina\u00e7\u00e3o. <\/p>\n\n\n\n<p>&#8220;Me preocupo muito com a Educa\u00e7\u00e3o de nossas crian\u00e7as, e embora o munic\u00edpio tenha desenvolvido um programa de ensino Remoto durante esse per\u00edodo de pandemia, a volta das aulas presenciais \u00e9 urgente; detectamos juntamente com a Uni\u00e3o Monteirense dos Estudantes, s\u00e9rios preju\u00edzos acad\u00eamicos, principalmente para as crian\u00e7as de baixa renda e bairros perif\u00e9ricos de nossa cidade&#8221;, explicou a parlamentar. <\/p>\n\n\n\n<p>A volta das aulas presenciais deve acontecer muito em breve de forma H\u00edbrida, e a inclus\u00e3o dos profissionais da Educa\u00e7\u00e3o como grupo priorit\u00e1rio de vacina\u00e7\u00e3o, nos permite acreditar que a retomada das aulas de forma H\u00edbrida se dar\u00e1 com uma seguran\u00e7a maior.&#8221;<\/p>\n","protected":false},"excerpt":{"rendered":"<p>No primeiro of\u00edcio, a vereadora solicita que seja divulgada nas redes sociais da prefeitura a quantidade de vacinas recebidas pelo munic\u00edpio para combate da Covid-19,&hellip; <\/p>\n","protected":false},"author":6,"featured_media":204085,"comment_status":"closed","ping_status":"closed","sticky":false,"template":"","format":"standard","meta":{"sfsi_plus_gutenberg_text_before_share":"","sfsi_plus_gutenberg_show_text_before_share":"","sfsi_plus_gutenberg_icon_type":"","sfsi_plus_gutenberg_icon_alignemt":"","sfsi_plus_gutenburg_max_per_row":"","footnotes":""},"categories":[50,81,11],"tags":[],"class_list":["post-204081","post","type-post","status-publish","format-standard","has-post-thumbnail","hentry","category-destaque","category-monteiro","category-politica"],"_links":{"self":[{"href":"https:\/\/www.caririemacao.com\/1\/wp-json\/wp\/v2\/posts\/204081","targetHints":{"allow":["GET"]}}],"collection":[{"href":"https:\/\/www.caririemacao.com\/1\/wp-json\/wp\/v2\/posts"}],"about":[{"href":"https:\/\/www.caririemacao.com\/1\/wp-json\/wp\/v2\/types\/post"}],"author":[{"embeddable":true,"href":"https:\/\/www.caririemacao.com\/1\/wp-json\/wp\/v2\/users\/6"}],"replies":[{"embeddable":true,"href":"https:\/\/www.caririemacao.com\/1\/wp-json\/wp\/v2\/comments?post=204081"}],"version-history":[{"count":2,"href":"https:\/\/www.caririemacao.com\/1\/wp-json\/wp\/v2\/posts\/204081\/revisions"}],"predecessor-version":[{"id":204090,"href":"https:\/\/www.caririemacao.com\/1\/wp-json\/wp\/v2\/posts\/204081\/revisions\/204090"}],"wp:featuredmedia":[{"embeddable":true,"href":"https:\/\/www.caririemacao.com\/1\/wp-json\/wp\/v2\/media\/204085"}],"wp:attachment":[{"href":"https:\/\/www.caririemacao.com\/1\/wp-json\/wp\/v2\/media?parent=204081"}],"wp:term":[{"taxonomy":"category","embeddable":true,"href":"https:\/\/www.caririemacao.com\/1\/wp-json\/wp\/v2\/categories?post=204081"},{"taxonomy":"post_tag","embeddable":true,"href":"https:\/\/www.caririemacao.com\/1\/wp-json\/wp\/v2\/tags?post=204081"}],"curies":[{"name":"wp","href":"https:\/\/api.w.org\/{rel}","templated":true}]}}