{"id":204154,"date":"2021-01-27T10:54:59","date_gmt":"2021-01-27T13:54:59","guid":{"rendered":"https:\/\/www.caririemacao.com\/1\/?p=204154"},"modified":"2021-01-27T10:55:01","modified_gmt":"2021-01-27T13:55:01","slug":"prefeitura-de-prata-disponibiliza-lista-de-pessoas-vacinadas-contra-covid-19-veja-lista","status":"publish","type":"post","link":"https:\/\/www.caririemacao.com\/1\/2021\/01\/27\/prefeitura-de-prata-disponibiliza-lista-de-pessoas-vacinadas-contra-covid-19-veja-lista\/","title":{"rendered":"Prefeitura de Prata disponibiliza lista de pessoas vacinadas contra Covid-19. Veja lista"},"content":{"rendered":"\n<p class=\"wp-block-paragraph\"><br>A prefeitura Municipal de Prata, por meio da Secretaria Municipal de Sa\u00fade, disponibilizou os nomes de todas as pessoas vacinadas contra a Covid-19. A lista dos imunizados, chamada de \u201cvacin\u00f4metro\u201d, est\u00e1 dispon\u00edvel nesta mat\u00e9ria \u00e9 atualizada a cada lote da vacina chegada no munic\u00edpio.<\/p>\n\n\n\n<p class=\"wp-block-paragraph\">Em Prata no primeiro lote, chegou no munic\u00edpio segundo informa\u00e7\u00e3o da Secretaria de Sa\u00fade 31 doses do imunizantes que foram vacinadas os trabalhadores da linha de frente em combate a Covid-19. J\u00e1 na, segunda-feira (25), chegou mais um lote, com 30 novas vacinas que ser\u00e3o direcionadas as pessoas idosas&nbsp; acima de 80 anos acamados.<\/p>\n\n\n\n<p class=\"wp-block-paragraph\">Na lista dos imunizados conta o nome completo o CNS do vacinado e a categoria.<\/p>\n\n\n\n<p class=\"wp-block-paragraph\">Nesta quarta feira(27) chega mais 10 doses da vacina no munic\u00edpio de Prata.<\/p>\n\n\n\n<p class=\"wp-block-paragraph\">A lista do segundo lote de vacinas ser\u00e1 divulgada quando forem conclu\u00eddos o processo de imuniza\u00e7\u00e3o, disse a Secret\u00e1ria de Sa\u00fade Isadora Ara\u00fajo.<\/p>\n\n\n\n<p class=\"wp-block-paragraph\"><strong>Lista de Vacinados contra Covid-19 em Prata no primeiro lote.<\/strong><\/p>\n\n\n\n<figure class=\"wp-block-image\"><a href=\"https:\/\/1.bp.blogspot.com\/-LoKCrRGlimo\/YBE9I2najYI\/AAAAAAAALrQ\/mz3E_rX5CzceHF1uW9vToFhxbhGoDt4XwCNcBGAsYHQ\/s1280\/4fc2bbb6-ba33-4044-9598-bd7bee5c4479.jpg\"><img decoding=\"async\" src=\"https:\/\/1.bp.blogspot.com\/-LoKCrRGlimo\/YBE9I2najYI\/AAAAAAAALrQ\/mz3E_rX5CzceHF1uW9vToFhxbhGoDt4XwCNcBGAsYHQ\/s320\/4fc2bbb6-ba33-4044-9598-bd7bee5c4479.jpg\" alt=\"\"\/><\/a><\/figure>\n\n\n\n<p class=\"wp-block-paragraph\"><strong><\/strong><\/p>\n\n\n\n<p class=\"wp-block-paragraph\">POETA TEIXEIRINHA.<\/p>\n","protected":false},"excerpt":{"rendered":"<p>A prefeitura Municipal de Prata, por meio da Secretaria Municipal de Sa\u00fade, disponibilizou os nomes de todas as pessoas vacinadas contra a Covid-19. A lista dos imunizados, chamada de \u201cvacin\u00f4metro\u201d, est\u00e1 dispon\u00edvel nesta mat\u00e9ria \u00e9 atualizada a cada lote da vacina chegada no munic\u00edpio. Em Prata no primeiro lote, chegou no munic\u00edpio segundo informa\u00e7\u00e3o da Secretaria de Sa\u00fade 31 doses do imunizantes que foram vacinadas os trabalhadores da linha de frente em combate a Covid-19. J\u00e1 na, segunda-feira (25), chegou mais um lote, com 30 novas vacinas que ser\u00e3o direcionadas as pessoas idosas&nbsp; acima de 80 anos acamados. Na lista dos imunizados conta o nome completo o CNS do vacinado e a categoria. Nesta quarta feira(27) chega mais 10 doses da vacina no munic\u00edpio de Prata. A lista do segundo lote de vacinas ser\u00e1 divulgada quando forem conclu\u00eddos o processo de imuniza\u00e7\u00e3o, disse a Secret\u00e1ria de Sa\u00fade Isadora Ara\u00fajo. Lista de Vacinados contra Covid-19 em Prata no primeiro lote. POETA TEIXEIRINHA.<\/p>\n","protected":false},"author":6,"featured_media":203471,"comment_status":"closed","ping_status":"closed","sticky":false,"template":"","format":"standard","meta":{"sfsi_plus_gutenberg_text_before_share":"","sfsi_plus_gutenberg_show_text_before_share":"","sfsi_plus_gutenberg_icon_type":"","sfsi_plus_gutenberg_icon_alignemt":"","sfsi_plus_gutenburg_max_per_row":"","footnotes":""},"categories":[6],"tags":[],"class_list":["post-204154","post","type-post","status-publish","format-standard","has-post-thumbnail","hentry","category-cidades"],"_links":{"self":[{"href":"https:\/\/www.caririemacao.com\/1\/wp-json\/wp\/v2\/posts\/204154","targetHints":{"allow":["GET"]}}],"collection":[{"href":"https:\/\/www.caririemacao.com\/1\/wp-json\/wp\/v2\/posts"}],"about":[{"href":"https:\/\/www.caririemacao.com\/1\/wp-json\/wp\/v2\/types\/post"}],"author":[{"embeddable":true,"href":"https:\/\/www.caririemacao.com\/1\/wp-json\/wp\/v2\/users\/6"}],"replies":[{"embeddable":true,"href":"https:\/\/www.caririemacao.com\/1\/wp-json\/wp\/v2\/comments?post=204154"}],"version-history":[{"count":1,"href":"https:\/\/www.caririemacao.com\/1\/wp-json\/wp\/v2\/posts\/204154\/revisions"}],"predecessor-version":[{"id":204159,"href":"https:\/\/www.caririemacao.com\/1\/wp-json\/wp\/v2\/posts\/204154\/revisions\/204159"}],"wp:featuredmedia":[{"embeddable":true,"href":"https:\/\/www.caririemacao.com\/1\/wp-json\/wp\/v2\/media\/203471"}],"wp:attachment":[{"href":"https:\/\/www.caririemacao.com\/1\/wp-json\/wp\/v2\/media?parent=204154"}],"wp:term":[{"taxonomy":"category","embeddable":true,"href":"https:\/\/www.caririemacao.com\/1\/wp-json\/wp\/v2\/categories?post=204154"},{"taxonomy":"post_tag","embeddable":true,"href":"https:\/\/www.caririemacao.com\/1\/wp-json\/wp\/v2\/tags?post=204154"}],"curies":[{"name":"wp","href":"https:\/\/api.w.org\/{rel}","templated":true}]}}