{"id":204200,"date":"2021-01-27T15:58:30","date_gmt":"2021-01-27T18:58:30","guid":{"rendered":"https:\/\/www.caririemacao.com\/1\/?p=204200"},"modified":"2021-01-27T15:58:38","modified_gmt":"2021-01-27T18:58:38","slug":"bolsonaro-apela-para-que-caminhoneiros-nao-facam-greve-na-proxima-semana","status":"publish","type":"post","link":"https:\/\/www.caririemacao.com\/1\/2021\/01\/27\/bolsonaro-apela-para-que-caminhoneiros-nao-facam-greve-na-proxima-semana\/","title":{"rendered":"Bolsonaro apela para que caminhoneiros n\u00e3o fa\u00e7am greve na pr\u00f3xima semana"},"content":{"rendered":"\n<p>&nbsp;O presidente Jair Bolsonaro (sem partido) apelou aos caminhoneiros para que n\u00e3o fa\u00e7am a greve que est\u00e1 prevista para esta segunda-feira (1\u00ba).<\/p>\n\n\n\n<p>&#8220;Reconhecemos o valor dos caminhoneiros para a economia do Brasil. Apelamos para eles que n\u00e3o fa\u00e7am greve, que todos n\u00f3s vamos perder. Todos, sem exce\u00e7\u00e3o. Agora, a solu\u00e7\u00e3o n\u00e3o \u00e9 f\u00e1cil. Estamos buscando uma maneira de n\u00e3o ter mais este reajuste&#8221;, afirmou Bolsonaro ao sair do Minist\u00e9rio da Economia nesta quarta-feira (27).<\/p>\n\n\n\n<p>A Petrobras aumentou o pre\u00e7o m\u00e9dio do diesel nas refinarias em 4,4% nesta ter\u00e7a-feira (26). A CNTA (Confedera\u00e7\u00e3o Nacional dos Transportadores Aut\u00f4nomos), que at\u00e9 a semana passada minimizava as chances de uma uma greve nacional de caminhoneiros, mudou de tom em rela\u00e7\u00e3o \u00e0 greve, como mostrou a Folha.<\/p>\n\n\n\n<p>Na ter\u00e7a, a confedera\u00e7\u00e3o disse ter sido informada de que o Minist\u00e9rio da Economia neutralizaria o efeito do aumento do diesel nas bombas atrav\u00e9s da redu\u00e7\u00e3o do PIS\/Cofins. A pasta n\u00e3o havia confirmado a informa\u00e7\u00e3o, mas Bolsonaro disse que a medida est\u00e1 em estudo, embora sem uma data para resposta.<\/p>\n\n\n\n<p>&#8220;Estamos tratando. A Petrobras segue uma planilha, tem a ver com o pre\u00e7o do petr\u00f3leo l\u00e1 fora, tem a ver tamb\u00e9m com varia\u00e7\u00e3o do d\u00f3lar \u2014 ontem foi uma boa not\u00edcia, o d\u00f3lar baixou R$ 0,20. Estamos estudando medidas&#8221;, afirmou.<\/p>\n\n\n\n<p>&#8220;Agora, n\u00e3o tenho como dar uma resposta de como diminuir o impacto que, na verdade, foram R$ 0,09 no pre\u00e7o do diesel. Mas, para cada centavo no pre\u00e7o do diesel, que porventura n\u00f3s queremos diminuir, no caso, PIS\/Cofins, equivale buscarmos em outro local R$ 800 milh\u00f5es. Ent\u00e3o, n\u00e3o \u00e9 uma conta f\u00e1cil de ser feita&#8221;, disse Bolsonaro.<\/p>\n\n\n\n<p>ClickPB<\/p>\n","protected":false},"excerpt":{"rendered":"<p>&nbsp;O presidente Jair Bolsonaro (sem partido) apelou aos caminhoneiros para que n\u00e3o fa\u00e7am a greve que est\u00e1 prevista para esta segunda-feira (1\u00ba). &#8220;Reconhecemos o valor&hellip; <\/p>\n","protected":false},"author":6,"featured_media":204201,"comment_status":"closed","ping_status":"closed","sticky":false,"template":"","format":"standard","meta":{"sfsi_plus_gutenberg_text_before_share":"","sfsi_plus_gutenberg_show_text_before_share":"","sfsi_plus_gutenberg_icon_type":"","sfsi_plus_gutenberg_icon_alignemt":"","sfsi_plus_gutenburg_max_per_row":"","footnotes":""},"categories":[50,98],"tags":[],"class_list":["post-204200","post","type-post","status-publish","format-standard","has-post-thumbnail","hentry","category-destaque","category-presidente"],"_links":{"self":[{"href":"https:\/\/www.caririemacao.com\/1\/wp-json\/wp\/v2\/posts\/204200","targetHints":{"allow":["GET"]}}],"collection":[{"href":"https:\/\/www.caririemacao.com\/1\/wp-json\/wp\/v2\/posts"}],"about":[{"href":"https:\/\/www.caririemacao.com\/1\/wp-json\/wp\/v2\/types\/post"}],"author":[{"embeddable":true,"href":"https:\/\/www.caririemacao.com\/1\/wp-json\/wp\/v2\/users\/6"}],"replies":[{"embeddable":true,"href":"https:\/\/www.caririemacao.com\/1\/wp-json\/wp\/v2\/comments?post=204200"}],"version-history":[{"count":1,"href":"https:\/\/www.caririemacao.com\/1\/wp-json\/wp\/v2\/posts\/204200\/revisions"}],"predecessor-version":[{"id":204202,"href":"https:\/\/www.caririemacao.com\/1\/wp-json\/wp\/v2\/posts\/204200\/revisions\/204202"}],"wp:featuredmedia":[{"embeddable":true,"href":"https:\/\/www.caririemacao.com\/1\/wp-json\/wp\/v2\/media\/204201"}],"wp:attachment":[{"href":"https:\/\/www.caririemacao.com\/1\/wp-json\/wp\/v2\/media?parent=204200"}],"wp:term":[{"taxonomy":"category","embeddable":true,"href":"https:\/\/www.caririemacao.com\/1\/wp-json\/wp\/v2\/categories?post=204200"},{"taxonomy":"post_tag","embeddable":true,"href":"https:\/\/www.caririemacao.com\/1\/wp-json\/wp\/v2\/tags?post=204200"}],"curies":[{"name":"wp","href":"https:\/\/api.w.org\/{rel}","templated":true}]}}