{"id":204207,"date":"2021-01-27T16:36:41","date_gmt":"2021-01-27T19:36:41","guid":{"rendered":"https:\/\/www.caririemacao.com\/1\/?p=204207"},"modified":"2021-01-27T16:36:44","modified_gmt":"2021-01-27T19:36:44","slug":"prata-secretaria-da-saude-da-prata-informa-sobre-vacina-da-febre-amarela","status":"publish","type":"post","link":"https:\/\/www.caririemacao.com\/1\/2021\/01\/27\/prata-secretaria-da-saude-da-prata-informa-sobre-vacina-da-febre-amarela\/","title":{"rendered":"PRATA: Secretaria da Sa\u00fade da Prata informa sobre vacina da febre amarela"},"content":{"rendered":"\n<p>A Prefeitura Municipal de Prata atrav\u00e9s da secretaria de Sa\u00fade informa a toda popula\u00e7\u00e3o que Quarta-Feira dia 03\/02\/2021 na\u00a0 sala de imuniza\u00e7\u00e3o\u00a0 PSF II , as crian\u00e7as de 06 meses a menor de 4 anos podem tomar a vacina febre amarela<\/p>\n\n\n\n<p>A Secretaria de Sa\u00fade informa que para qualquer d\u00favida ou informa\u00e7\u00e3o, entre em contato com o Agente Comunit\u00e1rio de Sa\u00fade de sua localidade.<\/p>\n\n\n\n<p>A febre amarela \u00e9 uma doen\u00e7a infecciosa aguda, febril de etiologia viral.<\/p>\n","protected":false},"excerpt":{"rendered":"<p>A Prefeitura Municipal de Prata atrav\u00e9s da secretaria de Sa\u00fade informa a toda popula\u00e7\u00e3o que Quarta-Feira dia 03\/02\/2021 na\u00a0 sala de imuniza\u00e7\u00e3o\u00a0 PSF II ,&hellip; <\/p>\n","protected":false},"author":6,"featured_media":204214,"comment_status":"closed","ping_status":"closed","sticky":false,"template":"","format":"standard","meta":{"sfsi_plus_gutenberg_text_before_share":"","sfsi_plus_gutenberg_show_text_before_share":"","sfsi_plus_gutenberg_icon_type":"","sfsi_plus_gutenberg_icon_alignemt":"","sfsi_plus_gutenburg_max_per_row":"","footnotes":""},"categories":[6],"tags":[],"class_list":["post-204207","post","type-post","status-publish","format-standard","has-post-thumbnail","hentry","category-cidades"],"_links":{"self":[{"href":"https:\/\/www.caririemacao.com\/1\/wp-json\/wp\/v2\/posts\/204207","targetHints":{"allow":["GET"]}}],"collection":[{"href":"https:\/\/www.caririemacao.com\/1\/wp-json\/wp\/v2\/posts"}],"about":[{"href":"https:\/\/www.caririemacao.com\/1\/wp-json\/wp\/v2\/types\/post"}],"author":[{"embeddable":true,"href":"https:\/\/www.caririemacao.com\/1\/wp-json\/wp\/v2\/users\/6"}],"replies":[{"embeddable":true,"href":"https:\/\/www.caririemacao.com\/1\/wp-json\/wp\/v2\/comments?post=204207"}],"version-history":[{"count":1,"href":"https:\/\/www.caririemacao.com\/1\/wp-json\/wp\/v2\/posts\/204207\/revisions"}],"predecessor-version":[{"id":204213,"href":"https:\/\/www.caririemacao.com\/1\/wp-json\/wp\/v2\/posts\/204207\/revisions\/204213"}],"wp:featuredmedia":[{"embeddable":true,"href":"https:\/\/www.caririemacao.com\/1\/wp-json\/wp\/v2\/media\/204214"}],"wp:attachment":[{"href":"https:\/\/www.caririemacao.com\/1\/wp-json\/wp\/v2\/media?parent=204207"}],"wp:term":[{"taxonomy":"category","embeddable":true,"href":"https:\/\/www.caririemacao.com\/1\/wp-json\/wp\/v2\/categories?post=204207"},{"taxonomy":"post_tag","embeddable":true,"href":"https:\/\/www.caririemacao.com\/1\/wp-json\/wp\/v2\/tags?post=204207"}],"curies":[{"name":"wp","href":"https:\/\/api.w.org\/{rel}","templated":true}]}}