{"id":204210,"date":"2021-01-27T16:32:26","date_gmt":"2021-01-27T19:32:26","guid":{"rendered":"https:\/\/www.caririemacao.com\/1\/?p=204210"},"modified":"2021-01-27T16:32:29","modified_gmt":"2021-01-27T19:32:29","slug":"bancarios-do-banco-do-brasil-na-paraiba-paralisam-atendimento-por-24h-nesta-sexta-feira-contra-fechamento-de-agencias-e-demissoes","status":"publish","type":"post","link":"https:\/\/www.caririemacao.com\/1\/2021\/01\/27\/bancarios-do-banco-do-brasil-na-paraiba-paralisam-atendimento-por-24h-nesta-sexta-feira-contra-fechamento-de-agencias-e-demissoes\/","title":{"rendered":"Banc\u00e1rios do Banco do Brasil na Para\u00edba paralisam atendimento por 24h nesta sexta-feira contra fechamento de ag\u00eancias e demiss\u00f5es"},"content":{"rendered":"\n<p>As ag\u00eancias do Banco do Brasil na Para\u00edba ir\u00e3o fechar para atendimento ao p\u00fablico nesta sexta-feira (29). Os atendimentos estar\u00e3o suspensos por 24 horas, a partir da 00h at\u00e9 as 23h59 do dia 29 de janeiro de 2021. Uma plen\u00e1ria organizativa est\u00e1 sendo convocada pelo Sindicato dos Banc\u00e1rios da Para\u00edba para esta quarta (27), \u00e0s 19h, atrav\u00e9s de uma videoconfer\u00eancia.<\/p>\n\n\n\n<p>De acordo com o Sindicato, a&nbsp;categoria chama a aten\u00e7\u00e3o para a gravidade da situa\u00e7\u00e3o. Com ag\u00eancias fechadas e redu\u00e7\u00e3o de funcion\u00e1rios, n\u00e3o s\u00f3 a popula\u00e7\u00e3o ser\u00e1 prejudicada com o atendimento ainda mais prec\u00e1rio, mais tamb\u00e9m, o patrim\u00f4nio brasileiro&nbsp;ficar\u00e1 menor, com mais um desmonte em uma das maiores estatais do pa\u00eds, que atua em locais onde os bancos privados n\u00e3o t\u00eam interesse, ajudando no desenvolvimento econ\u00f4mico e social de diversos munic\u00edpios.<\/p>\n\n\n\n<p>O presidente do Sindicato dos Banc\u00e1rios, Lindonjhonson Almeida, destaca a import\u00e2ncia da delibera\u00e7\u00e3o&nbsp;em assembleia e ressalta que com a intransig\u00eancia da dire\u00e7\u00e3o do banco, s\u00f3 a luta unificada garantir\u00e1 a possibilidade de impedir o fechamento das ag\u00eancias e demiss\u00f5es de banc\u00e1rios na Para\u00edba e em todo o pa\u00eds. Ser\u00e3o duas fechadas em Jo\u00e3o Pessoa e outra em Campina Grande, al\u00e9m de outras que ser\u00e3o transformadas em Postos de Atendimento (PAAs).<\/p>\n\n\n\n<p>\u201cO Banco do Brasil tem uma hist\u00f3ria de 212 anos de servi\u00e7os prestados \u00e0 sociedade brasileira, \u00e9 uma empresa p\u00fablica que tem uma fun\u00e7\u00e3o social bem definida, gera lucros para o governo e n\u00e3o pode ser atacado assim dessa maneira, atrav\u00e9s de uma reestrutura\u00e7\u00e3o que vai prejudicar a todos. O seu quadro funcional est\u00e1 defasado e n\u00e3o pode abrir m\u00e3o de 5 mil funcion\u00e1rios. Se as filas j\u00e1 s\u00e3o enormes, imagine quando o BB tiver menos funcion\u00e1rios, menos caixas e menos ag\u00eancias. Ent\u00e3o, qualquer mudan\u00e7a no seu quadro funcional tem de ser negociada com os sindicatos da categoria, conforme o Acordo Coletivo de Trabalho (ACT) vigente. Portanto, contra a intransig\u00eancia s\u00f3 temos uma arma, que \u00e9 amparada pela legisla\u00e7\u00e3o, e vamos fazer uma grande paralisa\u00e7\u00e3o de alerta nesta sexta-feira\u201d, destacou Lindonjhonson Almeida.<\/p>\n\n\n\n<p>A paralisa\u00e7\u00e3o ocorre no \u00faltimo dia \u00fatil do m\u00eas, data em que todos os servidores de governo, estado e prefeituras, e parte da iniciativa privada, recebem seus sal\u00e1rios.<\/p>\n\n\n\n<p><em>Click PB<\/em><\/p>\n","protected":false},"excerpt":{"rendered":"<p>As ag\u00eancias do Banco do Brasil na Para\u00edba ir\u00e3o fechar para atendimento ao p\u00fablico nesta sexta-feira (29). Os atendimentos estar\u00e3o suspensos por 24 horas, a&hellip; <\/p>\n","protected":false},"author":6,"featured_media":204211,"comment_status":"closed","ping_status":"closed","sticky":false,"template":"","format":"standard","meta":{"sfsi_plus_gutenberg_text_before_share":"","sfsi_plus_gutenberg_show_text_before_share":"","sfsi_plus_gutenberg_icon_type":"","sfsi_plus_gutenberg_icon_alignemt":"","sfsi_plus_gutenburg_max_per_row":"","footnotes":""},"categories":[50],"tags":[],"class_list":["post-204210","post","type-post","status-publish","format-standard","has-post-thumbnail","hentry","category-destaque"],"_links":{"self":[{"href":"https:\/\/www.caririemacao.com\/1\/wp-json\/wp\/v2\/posts\/204210","targetHints":{"allow":["GET"]}}],"collection":[{"href":"https:\/\/www.caririemacao.com\/1\/wp-json\/wp\/v2\/posts"}],"about":[{"href":"https:\/\/www.caririemacao.com\/1\/wp-json\/wp\/v2\/types\/post"}],"author":[{"embeddable":true,"href":"https:\/\/www.caririemacao.com\/1\/wp-json\/wp\/v2\/users\/6"}],"replies":[{"embeddable":true,"href":"https:\/\/www.caririemacao.com\/1\/wp-json\/wp\/v2\/comments?post=204210"}],"version-history":[{"count":1,"href":"https:\/\/www.caririemacao.com\/1\/wp-json\/wp\/v2\/posts\/204210\/revisions"}],"predecessor-version":[{"id":204212,"href":"https:\/\/www.caririemacao.com\/1\/wp-json\/wp\/v2\/posts\/204210\/revisions\/204212"}],"wp:featuredmedia":[{"embeddable":true,"href":"https:\/\/www.caririemacao.com\/1\/wp-json\/wp\/v2\/media\/204211"}],"wp:attachment":[{"href":"https:\/\/www.caririemacao.com\/1\/wp-json\/wp\/v2\/media?parent=204210"}],"wp:term":[{"taxonomy":"category","embeddable":true,"href":"https:\/\/www.caririemacao.com\/1\/wp-json\/wp\/v2\/categories?post=204210"},{"taxonomy":"post_tag","embeddable":true,"href":"https:\/\/www.caririemacao.com\/1\/wp-json\/wp\/v2\/tags?post=204210"}],"curies":[{"name":"wp","href":"https:\/\/api.w.org\/{rel}","templated":true}]}}