{"id":204224,"date":"2021-01-27T16:54:12","date_gmt":"2021-01-27T19:54:12","guid":{"rendered":"https:\/\/www.caririemacao.com\/1\/?p=204224"},"modified":"2021-01-27T16:54:12","modified_gmt":"2021-01-27T19:54:12","slug":"prefeitura-de-zabele-discute-parcerias-com-o-governo-do-estado","status":"publish","type":"post","link":"https:\/\/www.caririemacao.com\/1\/2021\/01\/27\/prefeitura-de-zabele-discute-parcerias-com-o-governo-do-estado\/","title":{"rendered":"Prefeitura de Zabel\u00ea discute parcerias com o Governo do Estado"},"content":{"rendered":"\n<p>O prefeito do munic\u00edpio de Zabel\u00ea, Dalyson Neves (PSDB), esteve reunido com o governador Jo\u00e3o Azevedo ( Cidadnia ), no dia de ontem ( 26). Os gestores discutiram investimentos e parcerias entre o Governo do Estado e a Prefeitura de Zabel\u00ea.<br><br>A finalidade do encontro \u00e9 ampliar e fortalecer parcerias entre o estado e o munic\u00edpio para concretiza\u00e7\u00e3o de investimentos estruturantes como, por exemplo, a futura instala\u00e7\u00e3o, ainda este ano, de uma Escola Cidad\u00e3 Integral, em Zabel\u00ea.\u00a0<br><br>Participaram, tamb\u00e9m, da reuni\u00e3o o deputado estadual In\u00e1cio Falc\u00e3o (PC do B), o ex-candidato a prefeito de Zabel\u00ea, Sess\u00e9 Fumeiro, e o secret\u00e1rio de Agricultura, Zezinho de Joca.\u00a0<br><br>Para Dalyson Neves, as parcerias entre os entes governamentais s\u00e3o muito importantes para que o munic\u00edpio possa continuar no seu ritmo de crescimento.<\/p>\n\n\n\n<p>sopb<\/p>\n","protected":false},"excerpt":{"rendered":"<p>O prefeito do munic\u00edpio de Zabel\u00ea, Dalyson Neves (PSDB), esteve reunido com o governador Jo\u00e3o Azevedo ( Cidadnia ), no dia de ontem ( 26).&hellip; <\/p>\n","protected":false},"author":6,"featured_media":204226,"comment_status":"closed","ping_status":"closed","sticky":false,"template":"","format":"standard","meta":{"sfsi_plus_gutenberg_text_before_share":"","sfsi_plus_gutenberg_show_text_before_share":"","sfsi_plus_gutenberg_icon_type":"","sfsi_plus_gutenberg_icon_alignemt":"","sfsi_plus_gutenburg_max_per_row":"","footnotes":""},"categories":[6],"tags":[],"class_list":["post-204224","post","type-post","status-publish","format-standard","has-post-thumbnail","hentry","category-cidades"],"_links":{"self":[{"href":"https:\/\/www.caririemacao.com\/1\/wp-json\/wp\/v2\/posts\/204224","targetHints":{"allow":["GET"]}}],"collection":[{"href":"https:\/\/www.caririemacao.com\/1\/wp-json\/wp\/v2\/posts"}],"about":[{"href":"https:\/\/www.caririemacao.com\/1\/wp-json\/wp\/v2\/types\/post"}],"author":[{"embeddable":true,"href":"https:\/\/www.caririemacao.com\/1\/wp-json\/wp\/v2\/users\/6"}],"replies":[{"embeddable":true,"href":"https:\/\/www.caririemacao.com\/1\/wp-json\/wp\/v2\/comments?post=204224"}],"version-history":[{"count":3,"href":"https:\/\/www.caririemacao.com\/1\/wp-json\/wp\/v2\/posts\/204224\/revisions"}],"predecessor-version":[{"id":204229,"href":"https:\/\/www.caririemacao.com\/1\/wp-json\/wp\/v2\/posts\/204224\/revisions\/204229"}],"wp:featuredmedia":[{"embeddable":true,"href":"https:\/\/www.caririemacao.com\/1\/wp-json\/wp\/v2\/media\/204226"}],"wp:attachment":[{"href":"https:\/\/www.caririemacao.com\/1\/wp-json\/wp\/v2\/media?parent=204224"}],"wp:term":[{"taxonomy":"category","embeddable":true,"href":"https:\/\/www.caririemacao.com\/1\/wp-json\/wp\/v2\/categories?post=204224"},{"taxonomy":"post_tag","embeddable":true,"href":"https:\/\/www.caririemacao.com\/1\/wp-json\/wp\/v2\/tags?post=204224"}],"curies":[{"name":"wp","href":"https:\/\/api.w.org\/{rel}","templated":true}]}}